{"id":14228,"date":"2026-03-30T10:19:15","date_gmt":"2026-03-30T14:19:15","guid":{"rendered":"https:\/\/www.sadc-cae.ca\/?p=14228"},"modified":"2026-03-30T10:19:15","modified_gmt":"2026-03-30T14:19:15","slug":"communique-rendez-vous-annuel-obnl-en-action","status":"publish","type":"post","link":"https:\/\/www.sadc-cae.ca\/fr\/communique-rendez-vous-annuel-obnl-en-action\/","title":{"rendered":"COMMUNIQU\u00c9 &#8211; Rendez-vous annuel : OBNL en action"},"content":{"rendered":"<p style=\"text-align: right;\"><strong>COMMUNIQU\u00c9 DE PRESSE<\/strong><\/p>\n<p style=\"text-align: right;\"><strong>Pour diffusion imm\u00e9diate<\/strong><\/p>\n<p><strong>Un tout premier rendez-vous annuel pour tous les Organismes sans but lucratif de la r\u00e9gion<\/strong><\/p>\n<p><strong>Rouyn-Noranda, le 30 mars 2026 \u2013 <\/strong>Pour une toute premi\u00e8re fois, les Organismes sans but lucratif (OBNL) de l\u2019Abitibi-T\u00e9miscamingue seront invit\u00e9s \u00e0 se r\u00e9unir au Centre de congr\u00e8s de Rouyn-Noranda, le 6 mai 2026, afin de discuter et d\u2019\u00e9changer sur les pratiques de gestion, dans le cadre du Rendez-vous annuel\u00a0: OBNL en action.<\/p>\n<p>L\u2019\u00e9v\u00e9nement organis\u00e9 par la SADC de Rouyn-Noranda avec la collaboration de la Chambre de commerce et d\u2019industrie de Rouyn-Noranda, du Centre local de d\u00e9veloppement Rouyn-Noranda, de l\u2019Espace d\u2019Entrepreneuriat collectif et de Services Qu\u00e9bec, s\u2019adresse \u00e0 toutes les personnes actives dans un OBNL. \u00ab\u00a0L\u2019objectif consiste \u00e0 offrir un espace de r\u00e9flexion et de partage autour des pratiques de gestion et de la p\u00e9rennit\u00e9 des OBNL\u00a0\u00bb, explique Jocelyn L\u00e9vesque, directeur g\u00e9n\u00e9ral de la SADC de Rouyn-Noranda.<\/p>\n<p>Une dizaine d\u2019ateliers seront propos\u00e9s lors de cette journ\u00e9e, qui promet d\u2019\u00eatre riche en acquisition de connaissances. Parmi les th\u00e8mes et les sujets qui seront abord\u00e9s, notons des conseils pour organiser des r\u00e9unions efficaces et d\u00e9terminer des r\u00f4les de gouvernance qui ont du sens, la cybers\u00e9curit\u00e9, la supervision d\u2019\u00e9quipe, les enjeux l\u00e9gaux li\u00e9s \u00e0 la gestion des ressources humaines, la micro-gestion ou encore la planification strat\u00e9gique sp\u00e9cifique aux OBNL, pour ne nommer que ceux-l\u00e0. Une conf\u00e9rence pendant l\u2019heure du d\u00eener portant sur la r\u00e9invention du r\u00f4le des OBNL dans un monde en mutation ainsi qu\u2019une p\u00e9riode d\u2019\u00e9changes avec nos experts en fin de journ\u00e9e compl\u00e8tera le programme.<\/p>\n<p>\u00ab\u00a0Nous croyons fermement que les administrateurs des conseils d\u2019administration, les directions g\u00e9n\u00e9rales et l\u2019ensemble du personnel des OBNL de notre r\u00e9gion retireront de nombreux b\u00e9n\u00e9fices lors de cette activit\u00e9 afin de maintenir et renforcer le r\u00f4le crucial qu\u2019ils jouent dans nos communaut\u00e9s. Nous pr\u00e9voyons d\u2019ailleurs faire du Rendez-vous annuel\u00a0: OBNL en action un \u00e9v\u00e9nement r\u00e9current\u00a0\u00bb, fait valoir M.\u00a0L\u00e9vesque.<\/p>\n<p>Les inscriptions au Rendez-vous annuel\u00a0: OBNL en action auront lieu jusqu\u2019au 4 mai 2026. Pour s\u2019inscrire\u00a0: <a href=\"http:\/\/www.ccirn.qc.ca\/rdv-obnl-en-action\/\">www.ccirn.qc.ca\/rdv-obnl-en-action\/<\/a><\/p>\n<p>&nbsp;<\/p>\n<p style=\"text-align: center;\">&#8211; 30 &#8211;<\/p>\n<p><strong>Pour information et entrevues :\u00a0 \u00a0 \u00a0 \u00a0 \u00a0 \u00a0 \u00a0 \u00a0 \u00a0 \u00a0 Source<\/strong> :<\/p>\n<p>Jocelyn L\u00e9vesque\u00a0\u00a0\u00a0\u00a0\u00a0\u00a0\u00a0\u00a0\u00a0\u00a0\u00a0\u00a0\u00a0\u00a0\u00a0\u00a0\u00a0\u00a0\u00a0\u00a0\u00a0\u00a0\u00a0\u00a0\u00a0\u00a0\u00a0\u00a0\u00a0\u00a0\u00a0\u00a0\u00a0\u00a0\u00a0\u00a0\u00a0\u00a0\u00a0\u00a0\u00a0\u00a0\u00a0\u00a0\u00a0\u00a0\u00a0\u00a0\u00a0\u00a0\u00a0\u00a0\u00a0\u00a0\u00a0 Patrick Rodrigue<\/p>\n<p>Directeur g\u00e9n\u00e9ral\u00a0\u00a0\u00a0\u00a0\u00a0\u00a0\u00a0\u00a0\u00a0\u00a0\u00a0\u00a0\u00a0\u00a0\u00a0\u00a0\u00a0\u00a0\u00a0\u00a0\u00a0\u00a0\u00a0\u00a0\u00a0\u00a0\u00a0\u00a0\u00a0\u00a0\u00a0\u00a0\u00a0\u00a0\u00a0\u00a0\u00a0\u00a0\u00a0\u00a0\u00a0\u00a0\u00a0\u00a0\u00a0\u00a0\u00a0\u00a0\u00a0\u00a0\u00a0\u00a0\u00a0\u00a0\u00a0 Conseiller en communication<\/p>\n<p>SADC de Rouyn-Noranda\u00a0\u00a0\u00a0\u00a0\u00a0\u00a0\u00a0\u00a0\u00a0\u00a0\u00a0\u00a0\u00a0\u00a0\u00a0\u00a0\u00a0\u00a0\u00a0\u00a0\u00a0\u00a0\u00a0\u00a0\u00a0\u00a0\u00a0\u00a0\u00a0\u00a0\u00a0\u00a0\u00a0\u00a0\u00a0\u00a0\u00a0\u00a0\u00a0\u00a0 CLD Rouyn-Noranda<\/p>\n<p>819-797-6068 poste 127\u00a0\u00a0\u00a0\u00a0\u00a0\u00a0\u00a0\u00a0\u00a0\u00a0\u00a0\u00a0\u00a0\u00a0\u00a0\u00a0\u00a0\u00a0\u00a0\u00a0\u00a0\u00a0\u00a0\u00a0\u00a0\u00a0\u00a0\u00a0\u00a0\u00a0\u00a0\u00a0\u00a0\u00a0\u00a0\u00a0\u00a0\u00a0\u00a0\u00a0\u00a0\u00a0 819-762-0142 poste 6113<\/p>\n<p><a href=\"mailto:jocelyn.levesque@sadcrn.ca\">jocelyn.levesque@sadcrn.ca<\/a>\u00a0\u00a0\u00a0\u00a0\u00a0\u00a0\u00a0\u00a0\u00a0\u00a0\u00a0\u00a0\u00a0\u00a0\u00a0\u00a0\u00a0\u00a0\u00a0\u00a0\u00a0\u00a0\u00a0\u00a0\u00a0\u00a0\u00a0\u00a0\u00a0\u00a0\u00a0\u00a0\u00a0\u00a0\u00a0\u00a0 <a href=\"mailto:patrick.rodrigue@cldrn.ca\">patrick.rodrigue@cldrn.ca<\/a><\/p>\n<p><img fetchpriority=\"high\" decoding=\"async\" class=\"wp-image-14243 size-full aligncenter\" src=\"https:\/\/www.sadc-cae.ca\/wp-content\/uploads\/2026\/02\/Bandeau-OBNL-1-1.png\" alt=\"\" width=\"1200\" height=\"200\" srcset=\"https:\/\/www.sadc-cae.ca\/wp-content\/uploads\/2026\/02\/Bandeau-OBNL-1-1.png 1200w, https:\/\/www.sadc-cae.ca\/wp-content\/uploads\/2026\/02\/Bandeau-OBNL-1-1-300x50.png 300w, https:\/\/www.sadc-cae.ca\/wp-content\/uploads\/2026\/02\/Bandeau-OBNL-1-1-1024x171.png 1024w, https:\/\/www.sadc-cae.ca\/wp-content\/uploads\/2026\/02\/Bandeau-OBNL-1-1-768x128.png 768w\" sizes=\"(max-width: 1200px) 100vw, 1200px\" \/><\/p>\n","protected":false},"excerpt":{"rendered":"<p>COMMUNIQU\u00c9 DE PRESSE Pour diffusion imm\u00e9diate Un tout premier rendez-vous annuel pour tous les Organismes sans but lucratif de la r\u00e9gion Rouyn-Noranda, le 30 mars 2026 \u2013 Pour une toute premi\u00e8re fois, les Organismes sans but lucratif (OBNL) de l\u2019Abitibi-T\u00e9miscamingue seront invit\u00e9s \u00e0 se r\u00e9unir au Centre de congr\u00e8s de Rouyn-Noranda, le 6 mai 2026, [&hellip;]<\/p>\n","protected":false},"author":81,"featured_media":15359,"comment_status":"closed","ping_status":"closed","sticky":false,"template":"","format":"standard","meta":{"_acf_changed":false,"footnotes":""},"categories":[45],"tags":[],"class_list":["post-14228","post","type-post","status-publish","format-standard","has-post-thumbnail","hentry","category-non-classifiee"],"acf":[],"yoast_head":"<!-- This site is optimized with the Yoast SEO plugin v26.8 - https:\/\/yoast.com\/product\/yoast-seo-wordpress\/ -->\n<title>R\u00e9seau des SADC et CAE - COMMUNIQU\u00c9 - Rendez-vous annuel : OBNL en action<\/title>\n<meta name=\"robots\" content=\"index, follow, max-snippet:-1, max-image-preview:large, max-video-preview:-1\" \/>\n<link rel=\"canonical\" href=\"https:\/\/www.sadc-cae.ca\/fr\/communique-rendez-vous-annuel-obnl-en-action\/\" \/>\n<meta property=\"og:locale\" content=\"fr_FR\" \/>\n<meta property=\"og:type\" content=\"article\" \/>\n<meta property=\"og:title\" content=\"R\u00e9seau des SADC et CAE - COMMUNIQU\u00c9 - Rendez-vous annuel : OBNL en action\" \/>\n<meta property=\"og:description\" content=\"COMMUNIQU\u00c9 DE PRESSE Pour diffusion imm\u00e9diate Un tout premier rendez-vous annuel pour tous les Organismes sans but lucratif de la r\u00e9gion Rouyn-Noranda, le 30 mars 2026 \u2013 Pour une toute premi\u00e8re fois, les Organismes sans but lucratif (OBNL) de l\u2019Abitibi-T\u00e9miscamingue seront invit\u00e9s \u00e0 se r\u00e9unir au Centre de congr\u00e8s de Rouyn-Noranda, le 6 mai 2026, [&hellip;]\" \/>\n<meta property=\"og:url\" content=\"https:\/\/www.sadc-cae.ca\/fr\/communique-rendez-vous-annuel-obnl-en-action\/\" \/>\n<meta property=\"og:site_name\" content=\"R\u00e9seau des SADC et CAE\" \/>\n<meta property=\"article:published_time\" content=\"2026-03-30T14:19:15+00:00\" \/>\n<meta property=\"og:image\" content=\"https:\/\/www.sadc-cae.ca\/wp-content\/uploads\/2026\/02\/720x360_partenaires-organisateurs.png\" \/>\n\t<meta property=\"og:image:width\" content=\"720\" \/>\n\t<meta property=\"og:image:height\" content=\"360\" \/>\n\t<meta property=\"og:image:type\" content=\"image\/png\" \/>\n<meta name=\"author\" content=\"Jocelyn L\u00e9vesque\" \/>\n<meta name=\"twitter:card\" content=\"summary_large_image\" \/>\n<meta name=\"twitter:label1\" content=\"\u00c9crit par\" \/>\n\t<meta name=\"twitter:data1\" content=\"Jocelyn L\u00e9vesque\" \/>\n\t<meta name=\"twitter:label2\" content=\"Dur\u00e9e de lecture estim\u00e9e\" \/>\n\t<meta name=\"twitter:data2\" content=\"3 minutes\" \/>\n<script type=\"application\/ld+json\" class=\"yoast-schema-graph\">{\"@context\":\"https:\/\/schema.org\",\"@graph\":[{\"@type\":[\"Article\",\"BlogPosting\",\"NewsArticle\"],\"@id\":\"https:\/\/www.sadc-cae.ca\/fr\/communique-rendez-vous-annuel-obnl-en-action\/#article\",\"isPartOf\":{\"@id\":\"https:\/\/www.sadc-cae.ca\/fr\/communique-rendez-vous-annuel-obnl-en-action\/\"},\"author\":{\"name\":\"Jocelyn L\u00e9vesque\",\"@id\":\"https:\/\/www.sadc-cae.ca\/en\/#\/schema\/person\/f65e17c2754bbac91c7b4af0d07fcd41\"},\"headline\":\"COMMUNIQU\u00c9 &#8211; Rendez-vous annuel : OBNL en action\",\"datePublished\":\"2026-03-30T14:19:15+00:00\",\"mainEntityOfPage\":{\"@id\":\"https:\/\/www.sadc-cae.ca\/fr\/communique-rendez-vous-annuel-obnl-en-action\/\"},\"wordCount\":435,\"publisher\":{\"@id\":\"https:\/\/www.sadc-cae.ca\/en\/#organization\"},\"image\":{\"@id\":\"https:\/\/www.sadc-cae.ca\/fr\/communique-rendez-vous-annuel-obnl-en-action\/#primaryimage\"},\"thumbnailUrl\":\"https:\/\/www.sadc-cae.ca\/wp-content\/uploads\/2026\/02\/720x360_partenaires-organisateurs.png\",\"articleSection\":[\"Non classifi\u00e9(e)\"],\"inLanguage\":\"fr-FR\"},{\"@type\":\"WebPage\",\"@id\":\"https:\/\/www.sadc-cae.ca\/fr\/communique-rendez-vous-annuel-obnl-en-action\/\",\"url\":\"https:\/\/www.sadc-cae.ca\/fr\/communique-rendez-vous-annuel-obnl-en-action\/\",\"name\":\"R\u00e9seau des SADC et CAE - COMMUNIQU\u00c9 - Rendez-vous annuel : OBNL en action\",\"isPartOf\":{\"@id\":\"https:\/\/www.sadc-cae.ca\/en\/#website\"},\"primaryImageOfPage\":{\"@id\":\"https:\/\/www.sadc-cae.ca\/fr\/communique-rendez-vous-annuel-obnl-en-action\/#primaryimage\"},\"image\":{\"@id\":\"https:\/\/www.sadc-cae.ca\/fr\/communique-rendez-vous-annuel-obnl-en-action\/#primaryimage\"},\"thumbnailUrl\":\"https:\/\/www.sadc-cae.ca\/wp-content\/uploads\/2026\/02\/720x360_partenaires-organisateurs.png\",\"datePublished\":\"2026-03-30T14:19:15+00:00\",\"breadcrumb\":{\"@id\":\"https:\/\/www.sadc-cae.ca\/fr\/communique-rendez-vous-annuel-obnl-en-action\/#breadcrumb\"},\"inLanguage\":\"fr-FR\",\"potentialAction\":[{\"@type\":\"ReadAction\",\"target\":[\"https:\/\/www.sadc-cae.ca\/fr\/communique-rendez-vous-annuel-obnl-en-action\/\"]}]},{\"@type\":\"ImageObject\",\"inLanguage\":\"fr-FR\",\"@id\":\"https:\/\/www.sadc-cae.ca\/fr\/communique-rendez-vous-annuel-obnl-en-action\/#primaryimage\",\"url\":\"https:\/\/www.sadc-cae.ca\/wp-content\/uploads\/2026\/02\/720x360_partenaires-organisateurs.png\",\"contentUrl\":\"https:\/\/www.sadc-cae.ca\/wp-content\/uploads\/2026\/02\/720x360_partenaires-organisateurs.png\",\"width\":720,\"height\":360},{\"@type\":\"BreadcrumbList\",\"@id\":\"https:\/\/www.sadc-cae.ca\/fr\/communique-rendez-vous-annuel-obnl-en-action\/#breadcrumb\",\"itemListElement\":[{\"@type\":\"ListItem\",\"position\":1,\"name\":\"Accueil\",\"item\":\"https:\/\/www.sadc-cae.ca\/fr\/\"},{\"@type\":\"ListItem\",\"position\":2,\"name\":\"COMMUNIQU\u00c9 &#8211; Rendez-vous annuel : OBNL en action\"}]},{\"@type\":\"WebSite\",\"@id\":\"https:\/\/www.sadc-cae.ca\/en\/#website\",\"url\":\"https:\/\/www.sadc-cae.ca\/en\/\",\"name\":\"CAE Laprade Trois-Rivi\u00e8res\",\"description\":\"On soutient et finance vos projets locaux\",\"publisher\":{\"@id\":\"https:\/\/www.sadc-cae.ca\/en\/#organization\"},\"potentialAction\":[{\"@type\":\"SearchAction\",\"target\":{\"@type\":\"EntryPoint\",\"urlTemplate\":\"https:\/\/www.sadc-cae.ca\/en\/?s={search_term_string}\"},\"query-input\":{\"@type\":\"PropertyValueSpecification\",\"valueRequired\":true,\"valueName\":\"search_term_string\"}}],\"inLanguage\":\"fr-FR\"},{\"@type\":\"Organization\",\"@id\":\"https:\/\/www.sadc-cae.ca\/en\/#organization\",\"name\":\"CAE Laprade Trois-Rivi\u00e8res Inc.\",\"url\":\"https:\/\/www.sadc-cae.ca\/en\/\",\"logo\":{\"@type\":\"ImageObject\",\"inLanguage\":\"fr-FR\",\"@id\":\"https:\/\/www.sadc-cae.ca\/en\/#\/schema\/logo\/image\/\",\"url\":\"https:\/\/www.sadc-cae.ca\/wp-content\/uploads\/2024\/09\/SADC_Facebook_PhotoProfil.jpg\",\"contentUrl\":\"https:\/\/www.sadc-cae.ca\/wp-content\/uploads\/2024\/09\/SADC_Facebook_PhotoProfil.jpg\",\"width\":640,\"height\":640,\"caption\":\"CAE Laprade Trois-Rivi\u00e8res Inc.\"},\"image\":{\"@id\":\"https:\/\/www.sadc-cae.ca\/en\/#\/schema\/logo\/image\/\"}},{\"@type\":\"Person\",\"@id\":\"https:\/\/www.sadc-cae.ca\/en\/#\/schema\/person\/f65e17c2754bbac91c7b4af0d07fcd41\",\"name\":\"Jocelyn L\u00e9vesque\",\"image\":{\"@type\":\"ImageObject\",\"inLanguage\":\"fr-FR\",\"@id\":\"https:\/\/www.sadc-cae.ca\/en\/#\/schema\/person\/image\/\",\"url\":\"https:\/\/secure.gravatar.com\/avatar\/8b4d48350de166fd42518df3e445292f374ce16397d872b6e859c8f92d884500?s=96&d=mm&r=g\",\"contentUrl\":\"https:\/\/secure.gravatar.com\/avatar\/8b4d48350de166fd42518df3e445292f374ce16397d872b6e859c8f92d884500?s=96&d=mm&r=g\",\"caption\":\"Jocelyn L\u00e9vesque\"},\"url\":\"https:\/\/www.sadc-cae.ca\/fr\/author\/sadc_rouyn_noranda\/\"}]}<\/script>\n<!-- \/ Yoast SEO plugin. -->","yoast_head_json":{"title":"R\u00e9seau des SADC et CAE - COMMUNIQU\u00c9 - Rendez-vous annuel : OBNL en action","robots":{"index":"index","follow":"follow","max-snippet":"max-snippet:-1","max-image-preview":"max-image-preview:large","max-video-preview":"max-video-preview:-1"},"canonical":"https:\/\/www.sadc-cae.ca\/fr\/communique-rendez-vous-annuel-obnl-en-action\/","og_locale":"fr_FR","og_type":"article","og_title":"R\u00e9seau des SADC et CAE - COMMUNIQU\u00c9 - Rendez-vous annuel : OBNL en action","og_description":"COMMUNIQU\u00c9 DE PRESSE Pour diffusion imm\u00e9diate Un tout premier rendez-vous annuel pour tous les Organismes sans but lucratif de la r\u00e9gion Rouyn-Noranda, le 30 mars 2026 \u2013 Pour une toute premi\u00e8re fois, les Organismes sans but lucratif (OBNL) de l\u2019Abitibi-T\u00e9miscamingue seront invit\u00e9s \u00e0 se r\u00e9unir au Centre de congr\u00e8s de Rouyn-Noranda, le 6 mai 2026, [&hellip;]","og_url":"https:\/\/www.sadc-cae.ca\/fr\/communique-rendez-vous-annuel-obnl-en-action\/","og_site_name":"R\u00e9seau des SADC et CAE","article_published_time":"2026-03-30T14:19:15+00:00","og_image":[{"width":720,"height":360,"url":"https:\/\/www.sadc-cae.ca\/wp-content\/uploads\/2026\/02\/720x360_partenaires-organisateurs.png","type":"image\/png"}],"author":"Jocelyn L\u00e9vesque","twitter_card":"summary_large_image","twitter_misc":{"\u00c9crit par":"Jocelyn L\u00e9vesque","Dur\u00e9e de lecture estim\u00e9e":"3 minutes"},"schema":{"@context":"https:\/\/schema.org","@graph":[{"@type":["Article","BlogPosting","NewsArticle"],"@id":"https:\/\/www.sadc-cae.ca\/fr\/communique-rendez-vous-annuel-obnl-en-action\/#article","isPartOf":{"@id":"https:\/\/www.sadc-cae.ca\/fr\/communique-rendez-vous-annuel-obnl-en-action\/"},"author":{"name":"Jocelyn L\u00e9vesque","@id":"https:\/\/www.sadc-cae.ca\/en\/#\/schema\/person\/f65e17c2754bbac91c7b4af0d07fcd41"},"headline":"COMMUNIQU\u00c9 &#8211; Rendez-vous annuel : OBNL en action","datePublished":"2026-03-30T14:19:15+00:00","mainEntityOfPage":{"@id":"https:\/\/www.sadc-cae.ca\/fr\/communique-rendez-vous-annuel-obnl-en-action\/"},"wordCount":435,"publisher":{"@id":"https:\/\/www.sadc-cae.ca\/en\/#organization"},"image":{"@id":"https:\/\/www.sadc-cae.ca\/fr\/communique-rendez-vous-annuel-obnl-en-action\/#primaryimage"},"thumbnailUrl":"https:\/\/www.sadc-cae.ca\/wp-content\/uploads\/2026\/02\/720x360_partenaires-organisateurs.png","articleSection":["Non classifi\u00e9(e)"],"inLanguage":"fr-FR"},{"@type":"WebPage","@id":"https:\/\/www.sadc-cae.ca\/fr\/communique-rendez-vous-annuel-obnl-en-action\/","url":"https:\/\/www.sadc-cae.ca\/fr\/communique-rendez-vous-annuel-obnl-en-action\/","name":"R\u00e9seau des SADC et CAE - COMMUNIQU\u00c9 - Rendez-vous annuel : OBNL en action","isPartOf":{"@id":"https:\/\/www.sadc-cae.ca\/en\/#website"},"primaryImageOfPage":{"@id":"https:\/\/www.sadc-cae.ca\/fr\/communique-rendez-vous-annuel-obnl-en-action\/#primaryimage"},"image":{"@id":"https:\/\/www.sadc-cae.ca\/fr\/communique-rendez-vous-annuel-obnl-en-action\/#primaryimage"},"thumbnailUrl":"https:\/\/www.sadc-cae.ca\/wp-content\/uploads\/2026\/02\/720x360_partenaires-organisateurs.png","datePublished":"2026-03-30T14:19:15+00:00","breadcrumb":{"@id":"https:\/\/www.sadc-cae.ca\/fr\/communique-rendez-vous-annuel-obnl-en-action\/#breadcrumb"},"inLanguage":"fr-FR","potentialAction":[{"@type":"ReadAction","target":["https:\/\/www.sadc-cae.ca\/fr\/communique-rendez-vous-annuel-obnl-en-action\/"]}]},{"@type":"ImageObject","inLanguage":"fr-FR","@id":"https:\/\/www.sadc-cae.ca\/fr\/communique-rendez-vous-annuel-obnl-en-action\/#primaryimage","url":"https:\/\/www.sadc-cae.ca\/wp-content\/uploads\/2026\/02\/720x360_partenaires-organisateurs.png","contentUrl":"https:\/\/www.sadc-cae.ca\/wp-content\/uploads\/2026\/02\/720x360_partenaires-organisateurs.png","width":720,"height":360},{"@type":"BreadcrumbList","@id":"https:\/\/www.sadc-cae.ca\/fr\/communique-rendez-vous-annuel-obnl-en-action\/#breadcrumb","itemListElement":[{"@type":"ListItem","position":1,"name":"Accueil","item":"https:\/\/www.sadc-cae.ca\/fr\/"},{"@type":"ListItem","position":2,"name":"COMMUNIQU\u00c9 &#8211; Rendez-vous annuel : OBNL en action"}]},{"@type":"WebSite","@id":"https:\/\/www.sadc-cae.ca\/en\/#website","url":"https:\/\/www.sadc-cae.ca\/en\/","name":"CAE Laprade Trois-Rivi\u00e8res","description":"On soutient et finance vos projets locaux","publisher":{"@id":"https:\/\/www.sadc-cae.ca\/en\/#organization"},"potentialAction":[{"@type":"SearchAction","target":{"@type":"EntryPoint","urlTemplate":"https:\/\/www.sadc-cae.ca\/en\/?s={search_term_string}"},"query-input":{"@type":"PropertyValueSpecification","valueRequired":true,"valueName":"search_term_string"}}],"inLanguage":"fr-FR"},{"@type":"Organization","@id":"https:\/\/www.sadc-cae.ca\/en\/#organization","name":"CAE Laprade Trois-Rivi\u00e8res Inc.","url":"https:\/\/www.sadc-cae.ca\/en\/","logo":{"@type":"ImageObject","inLanguage":"fr-FR","@id":"https:\/\/www.sadc-cae.ca\/en\/#\/schema\/logo\/image\/","url":"https:\/\/www.sadc-cae.ca\/wp-content\/uploads\/2024\/09\/SADC_Facebook_PhotoProfil.jpg","contentUrl":"https:\/\/www.sadc-cae.ca\/wp-content\/uploads\/2024\/09\/SADC_Facebook_PhotoProfil.jpg","width":640,"height":640,"caption":"CAE Laprade Trois-Rivi\u00e8res Inc."},"image":{"@id":"https:\/\/www.sadc-cae.ca\/en\/#\/schema\/logo\/image\/"}},{"@type":"Person","@id":"https:\/\/www.sadc-cae.ca\/en\/#\/schema\/person\/f65e17c2754bbac91c7b4af0d07fcd41","name":"Jocelyn L\u00e9vesque","image":{"@type":"ImageObject","inLanguage":"fr-FR","@id":"https:\/\/www.sadc-cae.ca\/en\/#\/schema\/person\/image\/","url":"https:\/\/secure.gravatar.com\/avatar\/8b4d48350de166fd42518df3e445292f374ce16397d872b6e859c8f92d884500?s=96&d=mm&r=g","contentUrl":"https:\/\/secure.gravatar.com\/avatar\/8b4d48350de166fd42518df3e445292f374ce16397d872b6e859c8f92d884500?s=96&d=mm&r=g","caption":"Jocelyn L\u00e9vesque"},"url":"https:\/\/www.sadc-cae.ca\/fr\/author\/sadc_rouyn_noranda\/"}]}},"_links":{"self":[{"href":"https:\/\/www.sadc-cae.ca\/fr\/wp-json\/wp\/v2\/posts\/14228","targetHints":{"allow":["GET"]}}],"collection":[{"href":"https:\/\/www.sadc-cae.ca\/fr\/wp-json\/wp\/v2\/posts"}],"about":[{"href":"https:\/\/www.sadc-cae.ca\/fr\/wp-json\/wp\/v2\/types\/post"}],"author":[{"embeddable":true,"href":"https:\/\/www.sadc-cae.ca\/fr\/wp-json\/wp\/v2\/users\/81"}],"replies":[{"embeddable":true,"href":"https:\/\/www.sadc-cae.ca\/fr\/wp-json\/wp\/v2\/comments?post=14228"}],"version-history":[{"count":5,"href":"https:\/\/www.sadc-cae.ca\/fr\/wp-json\/wp\/v2\/posts\/14228\/revisions"}],"predecessor-version":[{"id":15360,"href":"https:\/\/www.sadc-cae.ca\/fr\/wp-json\/wp\/v2\/posts\/14228\/revisions\/15360"}],"wp:featuredmedia":[{"embeddable":true,"href":"https:\/\/www.sadc-cae.ca\/fr\/wp-json\/wp\/v2\/media\/15359"}],"wp:attachment":[{"href":"https:\/\/www.sadc-cae.ca\/fr\/wp-json\/wp\/v2\/media?parent=14228"}],"wp:term":[{"taxonomy":"category","embeddable":true,"href":"https:\/\/www.sadc-cae.ca\/fr\/wp-json\/wp\/v2\/categories?post=14228"},{"taxonomy":"post_tag","embeddable":true,"href":"https:\/\/www.sadc-cae.ca\/fr\/wp-json\/wp\/v2\/tags?post=14228"}],"curies":[{"name":"wp","href":"https:\/\/api.w.org\/{rel}","templated":true}]}}