{"id":15132,"date":"2026-03-13T11:28:24","date_gmt":"2026-03-13T15:28:24","guid":{"rendered":"https:\/\/www.sadc-cae.ca\/?p=15132"},"modified":"2026-03-13T11:28:24","modified_gmt":"2026-03-13T15:28:24","slug":"salon-industriel-de-labitibi-temiscamingue-12-13-mai-2026","status":"publish","type":"post","link":"https:\/\/www.sadc-cae.ca\/fr\/salon-industriel-de-labitibi-temiscamingue-12-13-mai-2026\/","title":{"rendered":"Salon Industriel de l&rsquo;Abitibi-T\u00e9miscamingue 12-13 mai 2026"},"content":{"rendered":"<div class=\"xdj266r x14z9mp xat24cr x1lziwak x1vvkbs x126k92a\">\n<div dir=\"auto\">La SADC Rouyn-Noranda est heureuse d&rsquo;\u00eatre \u00e0 nouveau partenaire du Salon Industriel de l&rsquo;Abitibi-T\u00e9miscamingue qui se tiendra \u00e0 l&rsquo;ar\u00e9na Jacques-Laperri\u00e8re de Rouyn-Noranda les 12 et 13 mai prochain. Plusieurs exposants de la r\u00e9gion et d&rsquo;ailleurs seront pr\u00e9sents, c&rsquo;est une occasion \u00e0 ne pas manquer!<\/div>\n<div dir=\"auto\"><\/div>\n<\/div>\n<div class=\"x14z9mp xat24cr x1lziwak x1vvkbs xtlvy1s x126k92a\">\n<div dir=\"auto\">Vous pouvez vous inscrire d\u00e8s maintenant : <span class=\"html-span xdj266r x14z9mp xat24cr x1lziwak xexx8yu xyri2b x18d9i69 x1c1uobl x1hl2dhg x16tdsg8 x1vvkbs\"><a class=\"x1i10hfl xjbqb8w x1ejq31n x18oe1m7 x1sy0etr xstzfhl x972fbf x10w94by x1qhh985 x14e42zd x9f619 x1ypdohk xt0psk2 x3ct3a4 xdj266r x14z9mp xat24cr x1lziwak xexx8yu xyri2b x18d9i69 x1c1uobl x16tdsg8 x1hl2dhg xggy1nq x1a2a7pz xkrqix3 x1sur9pj x1fey0fg x1s688f\" tabindex=\"0\" role=\"link\" href=\"https:\/\/l.facebook.com\/l.php?u=https%3A%2F%2Fbit.ly%2Finscription-SIAT2026%3Ffbclid%3DIwZXh0bgNhZW0CMTAAYnJpZBExdWVUSTNZaDN6VkRldUNMUHNydGMGYXBwX2lkEDIyMjAzOTE3ODgyMDA4OTIAAR5ImJi41WkkgzKcQ9V3GWBSRo7PFWuoUEnZTFi1VmzQzux_XCVDdA4BDYnq2Q_aem_clN8PTs9a5Xj_NoyXPq9yA&amp;h=AT4kU-4w8hg6_BHGTsKbQqCyTE4HozMUay0piMk6x7BdC5H0YxXdveSlXPSl7LFVvHszpqMTZrdlAtJ3BNXM6_IDwSxXC0jL7SukBEBAcBYe7vvxi5SL11LebfOZKc9ekHK0GdVZG3c7qQ&amp;__tn__=-UK-R&amp;c[0]=AT7VnCsSv1OKSU0_thxdDLLPEnYHqLMCSCmjccS1XWG5ErClcl1oRBd5PmYe4kwqP1eSl5CRzDZnQpt_oqRzlPEPc6KgbqXofTKbgtE_AW-7UsNEeEiZzoNlIWVrEXYTfPPEHATPWbiWFPpvTF7t_m0zKuozLWHusl4zGTloTQ\" target=\"_blank\" rel=\"nofollow noopener noreferrer\">https:\/\/bit.ly\/inscription-SIAT2026<\/a><\/span><\/div>\n<\/div>\n","protected":false},"excerpt":{"rendered":"<p>La SADC Rouyn-Noranda est heureuse d&rsquo;\u00eatre \u00e0 nouveau partenaire du Salon Industriel de l&rsquo;Abitibi-T\u00e9miscamingue qui se tiendra \u00e0 l&rsquo;ar\u00e9na Jacques-Laperri\u00e8re de Rouyn-Noranda les 12 et 13 mai prochain. Plusieurs exposants de la r\u00e9gion et d&rsquo;ailleurs seront pr\u00e9sents, c&rsquo;est une occasion \u00e0 ne pas manquer! Vous pouvez vous inscrire d\u00e8s maintenant : https:\/\/bit.ly\/inscription-SIAT2026<\/p>\n","protected":false},"author":81,"featured_media":15133,"comment_status":"closed","ping_status":"closed","sticky":false,"template":"","format":"standard","meta":{"_acf_changed":false,"footnotes":""},"categories":[45],"tags":[],"class_list":["post-15132","post","type-post","status-publish","format-standard","has-post-thumbnail","hentry","category-non-classifiee"],"acf":[],"yoast_head":"<!-- This site is optimized with the Yoast SEO plugin v26.8 - https:\/\/yoast.com\/product\/yoast-seo-wordpress\/ -->\n<title>R\u00e9seau des SADC et CAE - Salon Industriel de l&#039;Abitibi-T\u00e9miscamingue 12-13 mai 2026<\/title>\n<meta name=\"robots\" content=\"index, follow, max-snippet:-1, max-image-preview:large, max-video-preview:-1\" \/>\n<link rel=\"canonical\" href=\"https:\/\/www.sadc-cae.ca\/fr\/salon-industriel-de-labitibi-temiscamingue-12-13-mai-2026\/\" \/>\n<meta property=\"og:locale\" content=\"fr_FR\" \/>\n<meta property=\"og:type\" content=\"article\" \/>\n<meta property=\"og:title\" content=\"R\u00e9seau des SADC et CAE - Salon Industriel de l&#039;Abitibi-T\u00e9miscamingue 12-13 mai 2026\" \/>\n<meta property=\"og:description\" content=\"La SADC Rouyn-Noranda est heureuse d&rsquo;\u00eatre \u00e0 nouveau partenaire du Salon Industriel de l&rsquo;Abitibi-T\u00e9miscamingue qui se tiendra \u00e0 l&rsquo;ar\u00e9na Jacques-Laperri\u00e8re de Rouyn-Noranda les 12 et 13 mai prochain. Plusieurs exposants de la r\u00e9gion et d&rsquo;ailleurs seront pr\u00e9sents, c&rsquo;est une occasion \u00e0 ne pas manquer! Vous pouvez vous inscrire d\u00e8s maintenant : https:\/\/bit.ly\/inscription-SIAT2026\" \/>\n<meta property=\"og:url\" content=\"https:\/\/www.sadc-cae.ca\/fr\/salon-industriel-de-labitibi-temiscamingue-12-13-mai-2026\/\" \/>\n<meta property=\"og:site_name\" content=\"R\u00e9seau des SADC et CAE\" \/>\n<meta property=\"article:published_time\" content=\"2026-03-13T15:28:24+00:00\" \/>\n<meta property=\"og:image\" content=\"https:\/\/www.sadc-cae.ca\/wp-content\/uploads\/2026\/03\/Pub_Web_SIAT2026_1200x630.jpg\" \/>\n\t<meta property=\"og:image:width\" content=\"1200\" \/>\n\t<meta property=\"og:image:height\" content=\"630\" \/>\n\t<meta property=\"og:image:type\" content=\"image\/jpeg\" \/>\n<meta name=\"author\" content=\"Jocelyn L\u00e9vesque\" \/>\n<meta name=\"twitter:card\" content=\"summary_large_image\" \/>\n<meta name=\"twitter:label1\" content=\"\u00c9crit par\" \/>\n\t<meta name=\"twitter:data1\" content=\"Jocelyn L\u00e9vesque\" \/>\n\t<meta name=\"twitter:label2\" content=\"Dur\u00e9e de lecture estim\u00e9e\" \/>\n\t<meta name=\"twitter:data2\" content=\"1 minute\" \/>\n<script type=\"application\/ld+json\" class=\"yoast-schema-graph\">{\"@context\":\"https:\/\/schema.org\",\"@graph\":[{\"@type\":[\"Article\",\"BlogPosting\",\"NewsArticle\"],\"@id\":\"https:\/\/www.sadc-cae.ca\/fr\/salon-industriel-de-labitibi-temiscamingue-12-13-mai-2026\/#article\",\"isPartOf\":{\"@id\":\"https:\/\/www.sadc-cae.ca\/fr\/salon-industriel-de-labitibi-temiscamingue-12-13-mai-2026\/\"},\"author\":{\"name\":\"Jocelyn L\u00e9vesque\",\"@id\":\"https:\/\/www.sadc-cae.ca\/en\/#\/schema\/person\/f65e17c2754bbac91c7b4af0d07fcd41\"},\"headline\":\"Salon Industriel de l&rsquo;Abitibi-T\u00e9miscamingue 12-13 mai 2026\",\"datePublished\":\"2026-03-13T15:28:24+00:00\",\"mainEntityOfPage\":{\"@id\":\"https:\/\/www.sadc-cae.ca\/fr\/salon-industriel-de-labitibi-temiscamingue-12-13-mai-2026\/\"},\"wordCount\":68,\"publisher\":{\"@id\":\"https:\/\/www.sadc-cae.ca\/en\/#organization\"},\"image\":{\"@id\":\"https:\/\/www.sadc-cae.ca\/fr\/salon-industriel-de-labitibi-temiscamingue-12-13-mai-2026\/#primaryimage\"},\"thumbnailUrl\":\"https:\/\/www.sadc-cae.ca\/wp-content\/uploads\/2026\/03\/Pub_Web_SIAT2026_1200x630.jpg\",\"articleSection\":[\"Non classifi\u00e9(e)\"],\"inLanguage\":\"fr-FR\"},{\"@type\":\"WebPage\",\"@id\":\"https:\/\/www.sadc-cae.ca\/fr\/salon-industriel-de-labitibi-temiscamingue-12-13-mai-2026\/\",\"url\":\"https:\/\/www.sadc-cae.ca\/fr\/salon-industriel-de-labitibi-temiscamingue-12-13-mai-2026\/\",\"name\":\"R\u00e9seau des SADC et CAE - Salon Industriel de l'Abitibi-T\u00e9miscamingue 12-13 mai 2026\",\"isPartOf\":{\"@id\":\"https:\/\/www.sadc-cae.ca\/en\/#website\"},\"primaryImageOfPage\":{\"@id\":\"https:\/\/www.sadc-cae.ca\/fr\/salon-industriel-de-labitibi-temiscamingue-12-13-mai-2026\/#primaryimage\"},\"image\":{\"@id\":\"https:\/\/www.sadc-cae.ca\/fr\/salon-industriel-de-labitibi-temiscamingue-12-13-mai-2026\/#primaryimage\"},\"thumbnailUrl\":\"https:\/\/www.sadc-cae.ca\/wp-content\/uploads\/2026\/03\/Pub_Web_SIAT2026_1200x630.jpg\",\"datePublished\":\"2026-03-13T15:28:24+00:00\",\"breadcrumb\":{\"@id\":\"https:\/\/www.sadc-cae.ca\/fr\/salon-industriel-de-labitibi-temiscamingue-12-13-mai-2026\/#breadcrumb\"},\"inLanguage\":\"fr-FR\",\"potentialAction\":[{\"@type\":\"ReadAction\",\"target\":[\"https:\/\/www.sadc-cae.ca\/fr\/salon-industriel-de-labitibi-temiscamingue-12-13-mai-2026\/\"]}]},{\"@type\":\"ImageObject\",\"inLanguage\":\"fr-FR\",\"@id\":\"https:\/\/www.sadc-cae.ca\/fr\/salon-industriel-de-labitibi-temiscamingue-12-13-mai-2026\/#primaryimage\",\"url\":\"https:\/\/www.sadc-cae.ca\/wp-content\/uploads\/2026\/03\/Pub_Web_SIAT2026_1200x630.jpg\",\"contentUrl\":\"https:\/\/www.sadc-cae.ca\/wp-content\/uploads\/2026\/03\/Pub_Web_SIAT2026_1200x630.jpg\",\"width\":1200,\"height\":630},{\"@type\":\"BreadcrumbList\",\"@id\":\"https:\/\/www.sadc-cae.ca\/fr\/salon-industriel-de-labitibi-temiscamingue-12-13-mai-2026\/#breadcrumb\",\"itemListElement\":[{\"@type\":\"ListItem\",\"position\":1,\"name\":\"Accueil\",\"item\":\"https:\/\/www.sadc-cae.ca\/fr\/\"},{\"@type\":\"ListItem\",\"position\":2,\"name\":\"Salon Industriel de l&rsquo;Abitibi-T\u00e9miscamingue 12-13 mai 2026\"}]},{\"@type\":\"WebSite\",\"@id\":\"https:\/\/www.sadc-cae.ca\/en\/#website\",\"url\":\"https:\/\/www.sadc-cae.ca\/en\/\",\"name\":\"CAE Laprade Trois-Rivi\u00e8res\",\"description\":\"On soutient et finance vos projets locaux\",\"publisher\":{\"@id\":\"https:\/\/www.sadc-cae.ca\/en\/#organization\"},\"potentialAction\":[{\"@type\":\"SearchAction\",\"target\":{\"@type\":\"EntryPoint\",\"urlTemplate\":\"https:\/\/www.sadc-cae.ca\/en\/?s={search_term_string}\"},\"query-input\":{\"@type\":\"PropertyValueSpecification\",\"valueRequired\":true,\"valueName\":\"search_term_string\"}}],\"inLanguage\":\"fr-FR\"},{\"@type\":\"Organization\",\"@id\":\"https:\/\/www.sadc-cae.ca\/en\/#organization\",\"name\":\"CAE Laprade Trois-Rivi\u00e8res Inc.\",\"url\":\"https:\/\/www.sadc-cae.ca\/en\/\",\"logo\":{\"@type\":\"ImageObject\",\"inLanguage\":\"fr-FR\",\"@id\":\"https:\/\/www.sadc-cae.ca\/en\/#\/schema\/logo\/image\/\",\"url\":\"https:\/\/www.sadc-cae.ca\/wp-content\/uploads\/2024\/09\/SADC_Facebook_PhotoProfil.jpg\",\"contentUrl\":\"https:\/\/www.sadc-cae.ca\/wp-content\/uploads\/2024\/09\/SADC_Facebook_PhotoProfil.jpg\",\"width\":640,\"height\":640,\"caption\":\"CAE Laprade Trois-Rivi\u00e8res Inc.\"},\"image\":{\"@id\":\"https:\/\/www.sadc-cae.ca\/en\/#\/schema\/logo\/image\/\"}},{\"@type\":\"Person\",\"@id\":\"https:\/\/www.sadc-cae.ca\/en\/#\/schema\/person\/f65e17c2754bbac91c7b4af0d07fcd41\",\"name\":\"Jocelyn L\u00e9vesque\",\"image\":{\"@type\":\"ImageObject\",\"inLanguage\":\"fr-FR\",\"@id\":\"https:\/\/www.sadc-cae.ca\/en\/#\/schema\/person\/image\/\",\"url\":\"https:\/\/secure.gravatar.com\/avatar\/8b4d48350de166fd42518df3e445292f374ce16397d872b6e859c8f92d884500?s=96&d=mm&r=g\",\"contentUrl\":\"https:\/\/secure.gravatar.com\/avatar\/8b4d48350de166fd42518df3e445292f374ce16397d872b6e859c8f92d884500?s=96&d=mm&r=g\",\"caption\":\"Jocelyn L\u00e9vesque\"},\"url\":\"https:\/\/www.sadc-cae.ca\/fr\/author\/sadc_rouyn_noranda\/\"}]}<\/script>\n<!-- \/ Yoast SEO plugin. -->","yoast_head_json":{"title":"R\u00e9seau des SADC et CAE - Salon Industriel de l'Abitibi-T\u00e9miscamingue 12-13 mai 2026","robots":{"index":"index","follow":"follow","max-snippet":"max-snippet:-1","max-image-preview":"max-image-preview:large","max-video-preview":"max-video-preview:-1"},"canonical":"https:\/\/www.sadc-cae.ca\/fr\/salon-industriel-de-labitibi-temiscamingue-12-13-mai-2026\/","og_locale":"fr_FR","og_type":"article","og_title":"R\u00e9seau des SADC et CAE - Salon Industriel de l'Abitibi-T\u00e9miscamingue 12-13 mai 2026","og_description":"La SADC Rouyn-Noranda est heureuse d&rsquo;\u00eatre \u00e0 nouveau partenaire du Salon Industriel de l&rsquo;Abitibi-T\u00e9miscamingue qui se tiendra \u00e0 l&rsquo;ar\u00e9na Jacques-Laperri\u00e8re de Rouyn-Noranda les 12 et 13 mai prochain. Plusieurs exposants de la r\u00e9gion et d&rsquo;ailleurs seront pr\u00e9sents, c&rsquo;est une occasion \u00e0 ne pas manquer! Vous pouvez vous inscrire d\u00e8s maintenant : https:\/\/bit.ly\/inscription-SIAT2026","og_url":"https:\/\/www.sadc-cae.ca\/fr\/salon-industriel-de-labitibi-temiscamingue-12-13-mai-2026\/","og_site_name":"R\u00e9seau des SADC et CAE","article_published_time":"2026-03-13T15:28:24+00:00","og_image":[{"width":1200,"height":630,"url":"https:\/\/www.sadc-cae.ca\/wp-content\/uploads\/2026\/03\/Pub_Web_SIAT2026_1200x630.jpg","type":"image\/jpeg"}],"author":"Jocelyn L\u00e9vesque","twitter_card":"summary_large_image","twitter_misc":{"\u00c9crit par":"Jocelyn L\u00e9vesque","Dur\u00e9e de lecture estim\u00e9e":"1 minute"},"schema":{"@context":"https:\/\/schema.org","@graph":[{"@type":["Article","BlogPosting","NewsArticle"],"@id":"https:\/\/www.sadc-cae.ca\/fr\/salon-industriel-de-labitibi-temiscamingue-12-13-mai-2026\/#article","isPartOf":{"@id":"https:\/\/www.sadc-cae.ca\/fr\/salon-industriel-de-labitibi-temiscamingue-12-13-mai-2026\/"},"author":{"name":"Jocelyn L\u00e9vesque","@id":"https:\/\/www.sadc-cae.ca\/en\/#\/schema\/person\/f65e17c2754bbac91c7b4af0d07fcd41"},"headline":"Salon Industriel de l&rsquo;Abitibi-T\u00e9miscamingue 12-13 mai 2026","datePublished":"2026-03-13T15:28:24+00:00","mainEntityOfPage":{"@id":"https:\/\/www.sadc-cae.ca\/fr\/salon-industriel-de-labitibi-temiscamingue-12-13-mai-2026\/"},"wordCount":68,"publisher":{"@id":"https:\/\/www.sadc-cae.ca\/en\/#organization"},"image":{"@id":"https:\/\/www.sadc-cae.ca\/fr\/salon-industriel-de-labitibi-temiscamingue-12-13-mai-2026\/#primaryimage"},"thumbnailUrl":"https:\/\/www.sadc-cae.ca\/wp-content\/uploads\/2026\/03\/Pub_Web_SIAT2026_1200x630.jpg","articleSection":["Non classifi\u00e9(e)"],"inLanguage":"fr-FR"},{"@type":"WebPage","@id":"https:\/\/www.sadc-cae.ca\/fr\/salon-industriel-de-labitibi-temiscamingue-12-13-mai-2026\/","url":"https:\/\/www.sadc-cae.ca\/fr\/salon-industriel-de-labitibi-temiscamingue-12-13-mai-2026\/","name":"R\u00e9seau des SADC et CAE - Salon Industriel de l'Abitibi-T\u00e9miscamingue 12-13 mai 2026","isPartOf":{"@id":"https:\/\/www.sadc-cae.ca\/en\/#website"},"primaryImageOfPage":{"@id":"https:\/\/www.sadc-cae.ca\/fr\/salon-industriel-de-labitibi-temiscamingue-12-13-mai-2026\/#primaryimage"},"image":{"@id":"https:\/\/www.sadc-cae.ca\/fr\/salon-industriel-de-labitibi-temiscamingue-12-13-mai-2026\/#primaryimage"},"thumbnailUrl":"https:\/\/www.sadc-cae.ca\/wp-content\/uploads\/2026\/03\/Pub_Web_SIAT2026_1200x630.jpg","datePublished":"2026-03-13T15:28:24+00:00","breadcrumb":{"@id":"https:\/\/www.sadc-cae.ca\/fr\/salon-industriel-de-labitibi-temiscamingue-12-13-mai-2026\/#breadcrumb"},"inLanguage":"fr-FR","potentialAction":[{"@type":"ReadAction","target":["https:\/\/www.sadc-cae.ca\/fr\/salon-industriel-de-labitibi-temiscamingue-12-13-mai-2026\/"]}]},{"@type":"ImageObject","inLanguage":"fr-FR","@id":"https:\/\/www.sadc-cae.ca\/fr\/salon-industriel-de-labitibi-temiscamingue-12-13-mai-2026\/#primaryimage","url":"https:\/\/www.sadc-cae.ca\/wp-content\/uploads\/2026\/03\/Pub_Web_SIAT2026_1200x630.jpg","contentUrl":"https:\/\/www.sadc-cae.ca\/wp-content\/uploads\/2026\/03\/Pub_Web_SIAT2026_1200x630.jpg","width":1200,"height":630},{"@type":"BreadcrumbList","@id":"https:\/\/www.sadc-cae.ca\/fr\/salon-industriel-de-labitibi-temiscamingue-12-13-mai-2026\/#breadcrumb","itemListElement":[{"@type":"ListItem","position":1,"name":"Accueil","item":"https:\/\/www.sadc-cae.ca\/fr\/"},{"@type":"ListItem","position":2,"name":"Salon Industriel de l&rsquo;Abitibi-T\u00e9miscamingue 12-13 mai 2026"}]},{"@type":"WebSite","@id":"https:\/\/www.sadc-cae.ca\/en\/#website","url":"https:\/\/www.sadc-cae.ca\/en\/","name":"CAE Laprade Trois-Rivi\u00e8res","description":"On soutient et finance vos projets locaux","publisher":{"@id":"https:\/\/www.sadc-cae.ca\/en\/#organization"},"potentialAction":[{"@type":"SearchAction","target":{"@type":"EntryPoint","urlTemplate":"https:\/\/www.sadc-cae.ca\/en\/?s={search_term_string}"},"query-input":{"@type":"PropertyValueSpecification","valueRequired":true,"valueName":"search_term_string"}}],"inLanguage":"fr-FR"},{"@type":"Organization","@id":"https:\/\/www.sadc-cae.ca\/en\/#organization","name":"CAE Laprade Trois-Rivi\u00e8res Inc.","url":"https:\/\/www.sadc-cae.ca\/en\/","logo":{"@type":"ImageObject","inLanguage":"fr-FR","@id":"https:\/\/www.sadc-cae.ca\/en\/#\/schema\/logo\/image\/","url":"https:\/\/www.sadc-cae.ca\/wp-content\/uploads\/2024\/09\/SADC_Facebook_PhotoProfil.jpg","contentUrl":"https:\/\/www.sadc-cae.ca\/wp-content\/uploads\/2024\/09\/SADC_Facebook_PhotoProfil.jpg","width":640,"height":640,"caption":"CAE Laprade Trois-Rivi\u00e8res Inc."},"image":{"@id":"https:\/\/www.sadc-cae.ca\/en\/#\/schema\/logo\/image\/"}},{"@type":"Person","@id":"https:\/\/www.sadc-cae.ca\/en\/#\/schema\/person\/f65e17c2754bbac91c7b4af0d07fcd41","name":"Jocelyn L\u00e9vesque","image":{"@type":"ImageObject","inLanguage":"fr-FR","@id":"https:\/\/www.sadc-cae.ca\/en\/#\/schema\/person\/image\/","url":"https:\/\/secure.gravatar.com\/avatar\/8b4d48350de166fd42518df3e445292f374ce16397d872b6e859c8f92d884500?s=96&d=mm&r=g","contentUrl":"https:\/\/secure.gravatar.com\/avatar\/8b4d48350de166fd42518df3e445292f374ce16397d872b6e859c8f92d884500?s=96&d=mm&r=g","caption":"Jocelyn L\u00e9vesque"},"url":"https:\/\/www.sadc-cae.ca\/fr\/author\/sadc_rouyn_noranda\/"}]}},"_links":{"self":[{"href":"https:\/\/www.sadc-cae.ca\/fr\/wp-json\/wp\/v2\/posts\/15132","targetHints":{"allow":["GET"]}}],"collection":[{"href":"https:\/\/www.sadc-cae.ca\/fr\/wp-json\/wp\/v2\/posts"}],"about":[{"href":"https:\/\/www.sadc-cae.ca\/fr\/wp-json\/wp\/v2\/types\/post"}],"author":[{"embeddable":true,"href":"https:\/\/www.sadc-cae.ca\/fr\/wp-json\/wp\/v2\/users\/81"}],"replies":[{"embeddable":true,"href":"https:\/\/www.sadc-cae.ca\/fr\/wp-json\/wp\/v2\/comments?post=15132"}],"version-history":[{"count":2,"href":"https:\/\/www.sadc-cae.ca\/fr\/wp-json\/wp\/v2\/posts\/15132\/revisions"}],"predecessor-version":[{"id":15135,"href":"https:\/\/www.sadc-cae.ca\/fr\/wp-json\/wp\/v2\/posts\/15132\/revisions\/15135"}],"wp:featuredmedia":[{"embeddable":true,"href":"https:\/\/www.sadc-cae.ca\/fr\/wp-json\/wp\/v2\/media\/15133"}],"wp:attachment":[{"href":"https:\/\/www.sadc-cae.ca\/fr\/wp-json\/wp\/v2\/media?parent=15132"}],"wp:term":[{"taxonomy":"category","embeddable":true,"href":"https:\/\/www.sadc-cae.ca\/fr\/wp-json\/wp\/v2\/categories?post=15132"},{"taxonomy":"post_tag","embeddable":true,"href":"https:\/\/www.sadc-cae.ca\/fr\/wp-json\/wp\/v2\/tags?post=15132"}],"curies":[{"name":"wp","href":"https:\/\/api.w.org\/{rel}","templated":true}]}}