{"id":15606,"date":"2026-04-28T13:34:09","date_gmt":"2026-04-28T17:34:09","guid":{"rendered":"https:\/\/www.sadc-cae.ca\/?p=15606"},"modified":"2026-04-28T13:34:09","modified_gmt":"2026-04-28T17:34:09","slug":"rendez-vous-economique","status":"publish","type":"post","link":"https:\/\/www.sadc-cae.ca\/fr\/rendez-vous-economique\/","title":{"rendered":"Rendez-vous \u00c9conomique"},"content":{"rendered":"<p>Le 11 mars dernier, pr\u00e8s de 100 participants ont pris part au RDV \u00c9conomique : R\u00e9silience et solutions pour l\u2019avenir. Les interventions de Pierre\u2011Olivier Zappa, d\u2019Ariane Lampron et Christian Landry d\u2019Optimise Action, de Martin Deslauriers d\u2019AR Mobile et de Marie\u2011Jos\u00e9e Richer de PRANA ont enrichi cette programmation ax\u00e9e sur l\u2019innovation et l\u2019\u00e9conomie. L\u2019\u00e9v\u00e9nement \u00e9tait une collaboration entre Services Qu\u00e9bec, le CLD RN, la SADC RN et la CCIRN.<\/p>\n","protected":false},"excerpt":{"rendered":"<p>Le 11 mars dernier, pr\u00e8s de 100 participants ont pris part au RDV \u00c9conomique : R\u00e9silience et solutions pour l\u2019avenir. Les interventions de Pierre\u2011Olivier Zappa, d\u2019Ariane Lampron et Christian Landry d\u2019Optimise Action, de Martin Deslauriers d\u2019AR Mobile et de Marie\u2011Jos\u00e9e Richer de PRANA ont enrichi cette programmation ax\u00e9e sur l\u2019innovation et l\u2019\u00e9conomie. L\u2019\u00e9v\u00e9nement \u00e9tait une [&hellip;]<\/p>\n","protected":false},"author":81,"featured_media":15607,"comment_status":"closed","ping_status":"closed","sticky":false,"template":"","format":"standard","meta":{"_acf_changed":false,"footnotes":""},"categories":[45],"tags":[],"class_list":["post-15606","post","type-post","status-publish","format-standard","has-post-thumbnail","hentry","category-non-classifiee"],"acf":[],"yoast_head":"<!-- This site is optimized with the Yoast SEO plugin v26.8 - https:\/\/yoast.com\/product\/yoast-seo-wordpress\/ -->\n<title>R\u00e9seau des SADC et CAE - Rendez-vous \u00c9conomique<\/title>\n<meta name=\"robots\" content=\"index, follow, max-snippet:-1, max-image-preview:large, max-video-preview:-1\" \/>\n<link rel=\"canonical\" href=\"https:\/\/www.sadc-cae.ca\/fr\/rendez-vous-economique\/\" \/>\n<meta property=\"og:locale\" content=\"fr_FR\" \/>\n<meta property=\"og:type\" content=\"article\" \/>\n<meta property=\"og:title\" content=\"R\u00e9seau des SADC et CAE - Rendez-vous \u00c9conomique\" \/>\n<meta property=\"og:description\" content=\"Le 11 mars dernier, pr\u00e8s de 100 participants ont pris part au RDV \u00c9conomique : R\u00e9silience et solutions pour l\u2019avenir. Les interventions de Pierre\u2011Olivier Zappa, d\u2019Ariane Lampron et Christian Landry d\u2019Optimise Action, de Martin Deslauriers d\u2019AR Mobile et de Marie\u2011Jos\u00e9e Richer de PRANA ont enrichi cette programmation ax\u00e9e sur l\u2019innovation et l\u2019\u00e9conomie. L\u2019\u00e9v\u00e9nement \u00e9tait une [&hellip;]\" \/>\n<meta property=\"og:url\" content=\"https:\/\/www.sadc-cae.ca\/fr\/rendez-vous-economique\/\" \/>\n<meta property=\"og:site_name\" content=\"R\u00e9seau des SADC et CAE\" \/>\n<meta property=\"article:published_time\" content=\"2026-04-28T17:34:09+00:00\" \/>\n<meta property=\"og:image\" content=\"https:\/\/www.sadc-cae.ca\/wp-content\/uploads\/2026\/04\/Capture-decran-2026-04-28-133316.png\" \/>\n\t<meta property=\"og:image:width\" content=\"1324\" \/>\n\t<meta property=\"og:image:height\" content=\"735\" \/>\n\t<meta property=\"og:image:type\" content=\"image\/png\" \/>\n<meta name=\"author\" content=\"Jocelyn L\u00e9vesque\" \/>\n<meta name=\"twitter:card\" content=\"summary_large_image\" \/>\n<meta name=\"twitter:label1\" content=\"\u00c9crit par\" \/>\n\t<meta name=\"twitter:data1\" content=\"Jocelyn L\u00e9vesque\" \/>\n\t<meta name=\"twitter:label2\" content=\"Dur\u00e9e de lecture estim\u00e9e\" \/>\n\t<meta name=\"twitter:data2\" content=\"1 minute\" \/>\n<script type=\"application\/ld+json\" class=\"yoast-schema-graph\">{\"@context\":\"https:\/\/schema.org\",\"@graph\":[{\"@type\":[\"Article\",\"BlogPosting\",\"NewsArticle\"],\"@id\":\"https:\/\/www.sadc-cae.ca\/fr\/rendez-vous-economique\/#article\",\"isPartOf\":{\"@id\":\"https:\/\/www.sadc-cae.ca\/fr\/rendez-vous-economique\/\"},\"author\":{\"name\":\"Jocelyn L\u00e9vesque\",\"@id\":\"https:\/\/www.sadc-cae.ca\/en\/#\/schema\/person\/f65e17c2754bbac91c7b4af0d07fcd41\"},\"headline\":\"Rendez-vous \u00c9conomique\",\"datePublished\":\"2026-04-28T17:34:09+00:00\",\"mainEntityOfPage\":{\"@id\":\"https:\/\/www.sadc-cae.ca\/fr\/rendez-vous-economique\/\"},\"wordCount\":82,\"publisher\":{\"@id\":\"https:\/\/www.sadc-cae.ca\/en\/#organization\"},\"image\":{\"@id\":\"https:\/\/www.sadc-cae.ca\/fr\/rendez-vous-economique\/#primaryimage\"},\"thumbnailUrl\":\"https:\/\/www.sadc-cae.ca\/wp-content\/uploads\/2026\/04\/Capture-decran-2026-04-28-133316.png\",\"articleSection\":[\"Non classifi\u00e9(e)\"],\"inLanguage\":\"fr-FR\"},{\"@type\":\"WebPage\",\"@id\":\"https:\/\/www.sadc-cae.ca\/fr\/rendez-vous-economique\/\",\"url\":\"https:\/\/www.sadc-cae.ca\/fr\/rendez-vous-economique\/\",\"name\":\"R\u00e9seau des SADC et CAE - Rendez-vous \u00c9conomique\",\"isPartOf\":{\"@id\":\"https:\/\/www.sadc-cae.ca\/en\/#website\"},\"primaryImageOfPage\":{\"@id\":\"https:\/\/www.sadc-cae.ca\/fr\/rendez-vous-economique\/#primaryimage\"},\"image\":{\"@id\":\"https:\/\/www.sadc-cae.ca\/fr\/rendez-vous-economique\/#primaryimage\"},\"thumbnailUrl\":\"https:\/\/www.sadc-cae.ca\/wp-content\/uploads\/2026\/04\/Capture-decran-2026-04-28-133316.png\",\"datePublished\":\"2026-04-28T17:34:09+00:00\",\"breadcrumb\":{\"@id\":\"https:\/\/www.sadc-cae.ca\/fr\/rendez-vous-economique\/#breadcrumb\"},\"inLanguage\":\"fr-FR\",\"potentialAction\":[{\"@type\":\"ReadAction\",\"target\":[\"https:\/\/www.sadc-cae.ca\/fr\/rendez-vous-economique\/\"]}]},{\"@type\":\"ImageObject\",\"inLanguage\":\"fr-FR\",\"@id\":\"https:\/\/www.sadc-cae.ca\/fr\/rendez-vous-economique\/#primaryimage\",\"url\":\"https:\/\/www.sadc-cae.ca\/wp-content\/uploads\/2026\/04\/Capture-decran-2026-04-28-133316.png\",\"contentUrl\":\"https:\/\/www.sadc-cae.ca\/wp-content\/uploads\/2026\/04\/Capture-decran-2026-04-28-133316.png\",\"width\":1324,\"height\":735},{\"@type\":\"BreadcrumbList\",\"@id\":\"https:\/\/www.sadc-cae.ca\/fr\/rendez-vous-economique\/#breadcrumb\",\"itemListElement\":[{\"@type\":\"ListItem\",\"position\":1,\"name\":\"Accueil\",\"item\":\"https:\/\/www.sadc-cae.ca\/fr\/\"},{\"@type\":\"ListItem\",\"position\":2,\"name\":\"Rendez-vous \u00c9conomique\"}]},{\"@type\":\"WebSite\",\"@id\":\"https:\/\/www.sadc-cae.ca\/en\/#website\",\"url\":\"https:\/\/www.sadc-cae.ca\/en\/\",\"name\":\"CAE Laprade Trois-Rivi\u00e8res\",\"description\":\"On soutient et finance vos projets locaux\",\"publisher\":{\"@id\":\"https:\/\/www.sadc-cae.ca\/en\/#organization\"},\"potentialAction\":[{\"@type\":\"SearchAction\",\"target\":{\"@type\":\"EntryPoint\",\"urlTemplate\":\"https:\/\/www.sadc-cae.ca\/en\/?s={search_term_string}\"},\"query-input\":{\"@type\":\"PropertyValueSpecification\",\"valueRequired\":true,\"valueName\":\"search_term_string\"}}],\"inLanguage\":\"fr-FR\"},{\"@type\":\"Organization\",\"@id\":\"https:\/\/www.sadc-cae.ca\/en\/#organization\",\"name\":\"CAE Laprade Trois-Rivi\u00e8res Inc.\",\"url\":\"https:\/\/www.sadc-cae.ca\/en\/\",\"logo\":{\"@type\":\"ImageObject\",\"inLanguage\":\"fr-FR\",\"@id\":\"https:\/\/www.sadc-cae.ca\/en\/#\/schema\/logo\/image\/\",\"url\":\"https:\/\/www.sadc-cae.ca\/wp-content\/uploads\/2024\/09\/SADC_Facebook_PhotoProfil.jpg\",\"contentUrl\":\"https:\/\/www.sadc-cae.ca\/wp-content\/uploads\/2024\/09\/SADC_Facebook_PhotoProfil.jpg\",\"width\":640,\"height\":640,\"caption\":\"CAE Laprade Trois-Rivi\u00e8res Inc.\"},\"image\":{\"@id\":\"https:\/\/www.sadc-cae.ca\/en\/#\/schema\/logo\/image\/\"}},{\"@type\":\"Person\",\"@id\":\"https:\/\/www.sadc-cae.ca\/en\/#\/schema\/person\/f65e17c2754bbac91c7b4af0d07fcd41\",\"name\":\"Jocelyn L\u00e9vesque\",\"image\":{\"@type\":\"ImageObject\",\"inLanguage\":\"fr-FR\",\"@id\":\"https:\/\/www.sadc-cae.ca\/en\/#\/schema\/person\/image\/\",\"url\":\"https:\/\/secure.gravatar.com\/avatar\/8b4d48350de166fd42518df3e445292f374ce16397d872b6e859c8f92d884500?s=96&d=mm&r=g\",\"contentUrl\":\"https:\/\/secure.gravatar.com\/avatar\/8b4d48350de166fd42518df3e445292f374ce16397d872b6e859c8f92d884500?s=96&d=mm&r=g\",\"caption\":\"Jocelyn L\u00e9vesque\"},\"url\":\"https:\/\/www.sadc-cae.ca\/fr\/author\/sadc_rouyn_noranda\/\"}]}<\/script>\n<!-- \/ Yoast SEO plugin. -->","yoast_head_json":{"title":"R\u00e9seau des SADC et CAE - Rendez-vous \u00c9conomique","robots":{"index":"index","follow":"follow","max-snippet":"max-snippet:-1","max-image-preview":"max-image-preview:large","max-video-preview":"max-video-preview:-1"},"canonical":"https:\/\/www.sadc-cae.ca\/fr\/rendez-vous-economique\/","og_locale":"fr_FR","og_type":"article","og_title":"R\u00e9seau des SADC et CAE - Rendez-vous \u00c9conomique","og_description":"Le 11 mars dernier, pr\u00e8s de 100 participants ont pris part au RDV \u00c9conomique : R\u00e9silience et solutions pour l\u2019avenir. Les interventions de Pierre\u2011Olivier Zappa, d\u2019Ariane Lampron et Christian Landry d\u2019Optimise Action, de Martin Deslauriers d\u2019AR Mobile et de Marie\u2011Jos\u00e9e Richer de PRANA ont enrichi cette programmation ax\u00e9e sur l\u2019innovation et l\u2019\u00e9conomie. L\u2019\u00e9v\u00e9nement \u00e9tait une [&hellip;]","og_url":"https:\/\/www.sadc-cae.ca\/fr\/rendez-vous-economique\/","og_site_name":"R\u00e9seau des SADC et CAE","article_published_time":"2026-04-28T17:34:09+00:00","og_image":[{"width":1324,"height":735,"url":"https:\/\/www.sadc-cae.ca\/wp-content\/uploads\/2026\/04\/Capture-decran-2026-04-28-133316.png","type":"image\/png"}],"author":"Jocelyn L\u00e9vesque","twitter_card":"summary_large_image","twitter_misc":{"\u00c9crit par":"Jocelyn L\u00e9vesque","Dur\u00e9e de lecture estim\u00e9e":"1 minute"},"schema":{"@context":"https:\/\/schema.org","@graph":[{"@type":["Article","BlogPosting","NewsArticle"],"@id":"https:\/\/www.sadc-cae.ca\/fr\/rendez-vous-economique\/#article","isPartOf":{"@id":"https:\/\/www.sadc-cae.ca\/fr\/rendez-vous-economique\/"},"author":{"name":"Jocelyn L\u00e9vesque","@id":"https:\/\/www.sadc-cae.ca\/en\/#\/schema\/person\/f65e17c2754bbac91c7b4af0d07fcd41"},"headline":"Rendez-vous \u00c9conomique","datePublished":"2026-04-28T17:34:09+00:00","mainEntityOfPage":{"@id":"https:\/\/www.sadc-cae.ca\/fr\/rendez-vous-economique\/"},"wordCount":82,"publisher":{"@id":"https:\/\/www.sadc-cae.ca\/en\/#organization"},"image":{"@id":"https:\/\/www.sadc-cae.ca\/fr\/rendez-vous-economique\/#primaryimage"},"thumbnailUrl":"https:\/\/www.sadc-cae.ca\/wp-content\/uploads\/2026\/04\/Capture-decran-2026-04-28-133316.png","articleSection":["Non classifi\u00e9(e)"],"inLanguage":"fr-FR"},{"@type":"WebPage","@id":"https:\/\/www.sadc-cae.ca\/fr\/rendez-vous-economique\/","url":"https:\/\/www.sadc-cae.ca\/fr\/rendez-vous-economique\/","name":"R\u00e9seau des SADC et CAE - Rendez-vous \u00c9conomique","isPartOf":{"@id":"https:\/\/www.sadc-cae.ca\/en\/#website"},"primaryImageOfPage":{"@id":"https:\/\/www.sadc-cae.ca\/fr\/rendez-vous-economique\/#primaryimage"},"image":{"@id":"https:\/\/www.sadc-cae.ca\/fr\/rendez-vous-economique\/#primaryimage"},"thumbnailUrl":"https:\/\/www.sadc-cae.ca\/wp-content\/uploads\/2026\/04\/Capture-decran-2026-04-28-133316.png","datePublished":"2026-04-28T17:34:09+00:00","breadcrumb":{"@id":"https:\/\/www.sadc-cae.ca\/fr\/rendez-vous-economique\/#breadcrumb"},"inLanguage":"fr-FR","potentialAction":[{"@type":"ReadAction","target":["https:\/\/www.sadc-cae.ca\/fr\/rendez-vous-economique\/"]}]},{"@type":"ImageObject","inLanguage":"fr-FR","@id":"https:\/\/www.sadc-cae.ca\/fr\/rendez-vous-economique\/#primaryimage","url":"https:\/\/www.sadc-cae.ca\/wp-content\/uploads\/2026\/04\/Capture-decran-2026-04-28-133316.png","contentUrl":"https:\/\/www.sadc-cae.ca\/wp-content\/uploads\/2026\/04\/Capture-decran-2026-04-28-133316.png","width":1324,"height":735},{"@type":"BreadcrumbList","@id":"https:\/\/www.sadc-cae.ca\/fr\/rendez-vous-economique\/#breadcrumb","itemListElement":[{"@type":"ListItem","position":1,"name":"Accueil","item":"https:\/\/www.sadc-cae.ca\/fr\/"},{"@type":"ListItem","position":2,"name":"Rendez-vous \u00c9conomique"}]},{"@type":"WebSite","@id":"https:\/\/www.sadc-cae.ca\/en\/#website","url":"https:\/\/www.sadc-cae.ca\/en\/","name":"CAE Laprade Trois-Rivi\u00e8res","description":"On soutient et finance vos projets locaux","publisher":{"@id":"https:\/\/www.sadc-cae.ca\/en\/#organization"},"potentialAction":[{"@type":"SearchAction","target":{"@type":"EntryPoint","urlTemplate":"https:\/\/www.sadc-cae.ca\/en\/?s={search_term_string}"},"query-input":{"@type":"PropertyValueSpecification","valueRequired":true,"valueName":"search_term_string"}}],"inLanguage":"fr-FR"},{"@type":"Organization","@id":"https:\/\/www.sadc-cae.ca\/en\/#organization","name":"CAE Laprade Trois-Rivi\u00e8res Inc.","url":"https:\/\/www.sadc-cae.ca\/en\/","logo":{"@type":"ImageObject","inLanguage":"fr-FR","@id":"https:\/\/www.sadc-cae.ca\/en\/#\/schema\/logo\/image\/","url":"https:\/\/www.sadc-cae.ca\/wp-content\/uploads\/2024\/09\/SADC_Facebook_PhotoProfil.jpg","contentUrl":"https:\/\/www.sadc-cae.ca\/wp-content\/uploads\/2024\/09\/SADC_Facebook_PhotoProfil.jpg","width":640,"height":640,"caption":"CAE Laprade Trois-Rivi\u00e8res Inc."},"image":{"@id":"https:\/\/www.sadc-cae.ca\/en\/#\/schema\/logo\/image\/"}},{"@type":"Person","@id":"https:\/\/www.sadc-cae.ca\/en\/#\/schema\/person\/f65e17c2754bbac91c7b4af0d07fcd41","name":"Jocelyn L\u00e9vesque","image":{"@type":"ImageObject","inLanguage":"fr-FR","@id":"https:\/\/www.sadc-cae.ca\/en\/#\/schema\/person\/image\/","url":"https:\/\/secure.gravatar.com\/avatar\/8b4d48350de166fd42518df3e445292f374ce16397d872b6e859c8f92d884500?s=96&d=mm&r=g","contentUrl":"https:\/\/secure.gravatar.com\/avatar\/8b4d48350de166fd42518df3e445292f374ce16397d872b6e859c8f92d884500?s=96&d=mm&r=g","caption":"Jocelyn L\u00e9vesque"},"url":"https:\/\/www.sadc-cae.ca\/fr\/author\/sadc_rouyn_noranda\/"}]}},"_links":{"self":[{"href":"https:\/\/www.sadc-cae.ca\/fr\/wp-json\/wp\/v2\/posts\/15606","targetHints":{"allow":["GET"]}}],"collection":[{"href":"https:\/\/www.sadc-cae.ca\/fr\/wp-json\/wp\/v2\/posts"}],"about":[{"href":"https:\/\/www.sadc-cae.ca\/fr\/wp-json\/wp\/v2\/types\/post"}],"author":[{"embeddable":true,"href":"https:\/\/www.sadc-cae.ca\/fr\/wp-json\/wp\/v2\/users\/81"}],"replies":[{"embeddable":true,"href":"https:\/\/www.sadc-cae.ca\/fr\/wp-json\/wp\/v2\/comments?post=15606"}],"version-history":[{"count":1,"href":"https:\/\/www.sadc-cae.ca\/fr\/wp-json\/wp\/v2\/posts\/15606\/revisions"}],"predecessor-version":[{"id":15608,"href":"https:\/\/www.sadc-cae.ca\/fr\/wp-json\/wp\/v2\/posts\/15606\/revisions\/15608"}],"wp:featuredmedia":[{"embeddable":true,"href":"https:\/\/www.sadc-cae.ca\/fr\/wp-json\/wp\/v2\/media\/15607"}],"wp:attachment":[{"href":"https:\/\/www.sadc-cae.ca\/fr\/wp-json\/wp\/v2\/media?parent=15606"}],"wp:term":[{"taxonomy":"category","embeddable":true,"href":"https:\/\/www.sadc-cae.ca\/fr\/wp-json\/wp\/v2\/categories?post=15606"},{"taxonomy":"post_tag","embeddable":true,"href":"https:\/\/www.sadc-cae.ca\/fr\/wp-json\/wp\/v2\/tags?post=15606"}],"curies":[{"name":"wp","href":"https:\/\/api.w.org\/{rel}","templated":true}]}}