{"id":15612,"date":"2026-04-28T13:44:18","date_gmt":"2026-04-28T17:44:18","guid":{"rendered":"https:\/\/www.sadc-cae.ca\/?p=15612"},"modified":"2026-04-28T13:44:18","modified_gmt":"2026-04-28T17:44:18","slug":"ouverture-de-olivares-co","status":"publish","type":"post","link":"https:\/\/www.sadc-cae.ca\/fr\/ouverture-de-olivares-co\/","title":{"rendered":"Ouverture de Olivares &#038; Co"},"content":{"rendered":"<p>Depuis f\u00e9vrier, Olivares &amp; Co insuffle un vent de fra\u00eecheur \u00e0 la sc\u00e8ne culinaire de Rouyn-Noranda avec sa cuisine aux accents m\u00e9diterran\u00e9ens. Port\u00e9 par Sara Tremblay, Damie Charlebois Olivares et Sylvain Desnoyers, l\u2019\u00e9tablissement s\u00e9duit par son ambiance conviviale et ses plats ax\u00e9s sur la fra\u00eecheur. D\u00e9j\u00e0, cette nouvelle adresse attire une client\u00e8le enthousiaste en Abitibi-T\u00e9miscamingue.<\/p>\n","protected":false},"excerpt":{"rendered":"<p>Depuis f\u00e9vrier, Olivares &amp; Co insuffle un vent de fra\u00eecheur \u00e0 la sc\u00e8ne culinaire de Rouyn-Noranda avec sa cuisine aux accents m\u00e9diterran\u00e9ens. Port\u00e9 par Sara Tremblay, Damie Charlebois Olivares et Sylvain Desnoyers, l\u2019\u00e9tablissement s\u00e9duit par son ambiance conviviale et ses plats ax\u00e9s sur la fra\u00eecheur. D\u00e9j\u00e0, cette nouvelle adresse attire une client\u00e8le enthousiaste en Abitibi-T\u00e9miscamingue.<\/p>\n","protected":false},"author":81,"featured_media":15613,"comment_status":"closed","ping_status":"closed","sticky":false,"template":"","format":"standard","meta":{"_acf_changed":false,"footnotes":""},"categories":[45],"tags":[],"class_list":["post-15612","post","type-post","status-publish","format-standard","has-post-thumbnail","hentry","category-non-classifiee"],"acf":[],"yoast_head":"<!-- This site is optimized with the Yoast SEO plugin v26.8 - https:\/\/yoast.com\/product\/yoast-seo-wordpress\/ -->\n<title>R\u00e9seau des SADC et CAE - Ouverture de Olivares &amp; Co<\/title>\n<meta name=\"robots\" content=\"index, follow, max-snippet:-1, max-image-preview:large, max-video-preview:-1\" \/>\n<link rel=\"canonical\" href=\"https:\/\/www.sadc-cae.ca\/fr\/ouverture-de-olivares-co\/\" \/>\n<meta property=\"og:locale\" content=\"fr_FR\" \/>\n<meta property=\"og:type\" content=\"article\" \/>\n<meta property=\"og:title\" content=\"R\u00e9seau des SADC et CAE - Ouverture de Olivares &amp; Co\" \/>\n<meta property=\"og:description\" content=\"Depuis f\u00e9vrier, Olivares &amp; Co insuffle un vent de fra\u00eecheur \u00e0 la sc\u00e8ne culinaire de Rouyn-Noranda avec sa cuisine aux accents m\u00e9diterran\u00e9ens. Port\u00e9 par Sara Tremblay, Damie Charlebois Olivares et Sylvain Desnoyers, l\u2019\u00e9tablissement s\u00e9duit par son ambiance conviviale et ses plats ax\u00e9s sur la fra\u00eecheur. D\u00e9j\u00e0, cette nouvelle adresse attire une client\u00e8le enthousiaste en Abitibi-T\u00e9miscamingue.\" \/>\n<meta property=\"og:url\" content=\"https:\/\/www.sadc-cae.ca\/fr\/ouverture-de-olivares-co\/\" \/>\n<meta property=\"og:site_name\" content=\"R\u00e9seau des SADC et CAE\" \/>\n<meta property=\"article:published_time\" content=\"2026-04-28T17:44:18+00:00\" \/>\n<meta property=\"og:image\" content=\"https:\/\/www.sadc-cae.ca\/wp-content\/uploads\/2026\/04\/Capture-decran-2026-04-28-134323.png\" \/>\n\t<meta property=\"og:image:width\" content=\"1317\" \/>\n\t<meta property=\"og:image:height\" content=\"737\" \/>\n\t<meta property=\"og:image:type\" content=\"image\/png\" \/>\n<meta name=\"author\" content=\"Jocelyn L\u00e9vesque\" \/>\n<meta name=\"twitter:card\" content=\"summary_large_image\" \/>\n<meta name=\"twitter:label1\" content=\"\u00c9crit par\" \/>\n\t<meta name=\"twitter:data1\" content=\"Jocelyn L\u00e9vesque\" \/>\n\t<meta name=\"twitter:label2\" content=\"Dur\u00e9e de lecture estim\u00e9e\" \/>\n\t<meta name=\"twitter:data2\" content=\"1 minute\" \/>\n<script type=\"application\/ld+json\" class=\"yoast-schema-graph\">{\"@context\":\"https:\/\/schema.org\",\"@graph\":[{\"@type\":[\"Article\",\"BlogPosting\",\"NewsArticle\"],\"@id\":\"https:\/\/www.sadc-cae.ca\/fr\/ouverture-de-olivares-co\/#article\",\"isPartOf\":{\"@id\":\"https:\/\/www.sadc-cae.ca\/fr\/ouverture-de-olivares-co\/\"},\"author\":{\"name\":\"Jocelyn L\u00e9vesque\",\"@id\":\"https:\/\/www.sadc-cae.ca\/en\/#\/schema\/person\/f65e17c2754bbac91c7b4af0d07fcd41\"},\"headline\":\"Ouverture de Olivares &#038; Co\",\"datePublished\":\"2026-04-28T17:44:18+00:00\",\"mainEntityOfPage\":{\"@id\":\"https:\/\/www.sadc-cae.ca\/fr\/ouverture-de-olivares-co\/\"},\"wordCount\":70,\"publisher\":{\"@id\":\"https:\/\/www.sadc-cae.ca\/en\/#organization\"},\"image\":{\"@id\":\"https:\/\/www.sadc-cae.ca\/fr\/ouverture-de-olivares-co\/#primaryimage\"},\"thumbnailUrl\":\"https:\/\/www.sadc-cae.ca\/wp-content\/uploads\/2026\/04\/Capture-decran-2026-04-28-134323.png\",\"articleSection\":[\"Non classifi\u00e9(e)\"],\"inLanguage\":\"fr-FR\"},{\"@type\":\"WebPage\",\"@id\":\"https:\/\/www.sadc-cae.ca\/fr\/ouverture-de-olivares-co\/\",\"url\":\"https:\/\/www.sadc-cae.ca\/fr\/ouverture-de-olivares-co\/\",\"name\":\"R\u00e9seau des SADC et CAE - Ouverture de Olivares & Co\",\"isPartOf\":{\"@id\":\"https:\/\/www.sadc-cae.ca\/en\/#website\"},\"primaryImageOfPage\":{\"@id\":\"https:\/\/www.sadc-cae.ca\/fr\/ouverture-de-olivares-co\/#primaryimage\"},\"image\":{\"@id\":\"https:\/\/www.sadc-cae.ca\/fr\/ouverture-de-olivares-co\/#primaryimage\"},\"thumbnailUrl\":\"https:\/\/www.sadc-cae.ca\/wp-content\/uploads\/2026\/04\/Capture-decran-2026-04-28-134323.png\",\"datePublished\":\"2026-04-28T17:44:18+00:00\",\"breadcrumb\":{\"@id\":\"https:\/\/www.sadc-cae.ca\/fr\/ouverture-de-olivares-co\/#breadcrumb\"},\"inLanguage\":\"fr-FR\",\"potentialAction\":[{\"@type\":\"ReadAction\",\"target\":[\"https:\/\/www.sadc-cae.ca\/fr\/ouverture-de-olivares-co\/\"]}]},{\"@type\":\"ImageObject\",\"inLanguage\":\"fr-FR\",\"@id\":\"https:\/\/www.sadc-cae.ca\/fr\/ouverture-de-olivares-co\/#primaryimage\",\"url\":\"https:\/\/www.sadc-cae.ca\/wp-content\/uploads\/2026\/04\/Capture-decran-2026-04-28-134323.png\",\"contentUrl\":\"https:\/\/www.sadc-cae.ca\/wp-content\/uploads\/2026\/04\/Capture-decran-2026-04-28-134323.png\",\"width\":1317,\"height\":737},{\"@type\":\"BreadcrumbList\",\"@id\":\"https:\/\/www.sadc-cae.ca\/fr\/ouverture-de-olivares-co\/#breadcrumb\",\"itemListElement\":[{\"@type\":\"ListItem\",\"position\":1,\"name\":\"Accueil\",\"item\":\"https:\/\/www.sadc-cae.ca\/fr\/\"},{\"@type\":\"ListItem\",\"position\":2,\"name\":\"Ouverture de Olivares &#038; Co\"}]},{\"@type\":\"WebSite\",\"@id\":\"https:\/\/www.sadc-cae.ca\/en\/#website\",\"url\":\"https:\/\/www.sadc-cae.ca\/en\/\",\"name\":\"CAE Laprade Trois-Rivi\u00e8res\",\"description\":\"On soutient et finance vos projets locaux\",\"publisher\":{\"@id\":\"https:\/\/www.sadc-cae.ca\/en\/#organization\"},\"potentialAction\":[{\"@type\":\"SearchAction\",\"target\":{\"@type\":\"EntryPoint\",\"urlTemplate\":\"https:\/\/www.sadc-cae.ca\/en\/?s={search_term_string}\"},\"query-input\":{\"@type\":\"PropertyValueSpecification\",\"valueRequired\":true,\"valueName\":\"search_term_string\"}}],\"inLanguage\":\"fr-FR\"},{\"@type\":\"Organization\",\"@id\":\"https:\/\/www.sadc-cae.ca\/en\/#organization\",\"name\":\"CAE Laprade Trois-Rivi\u00e8res Inc.\",\"url\":\"https:\/\/www.sadc-cae.ca\/en\/\",\"logo\":{\"@type\":\"ImageObject\",\"inLanguage\":\"fr-FR\",\"@id\":\"https:\/\/www.sadc-cae.ca\/en\/#\/schema\/logo\/image\/\",\"url\":\"https:\/\/www.sadc-cae.ca\/wp-content\/uploads\/2024\/09\/SADC_Facebook_PhotoProfil.jpg\",\"contentUrl\":\"https:\/\/www.sadc-cae.ca\/wp-content\/uploads\/2024\/09\/SADC_Facebook_PhotoProfil.jpg\",\"width\":640,\"height\":640,\"caption\":\"CAE Laprade Trois-Rivi\u00e8res Inc.\"},\"image\":{\"@id\":\"https:\/\/www.sadc-cae.ca\/en\/#\/schema\/logo\/image\/\"}},{\"@type\":\"Person\",\"@id\":\"https:\/\/www.sadc-cae.ca\/en\/#\/schema\/person\/f65e17c2754bbac91c7b4af0d07fcd41\",\"name\":\"Jocelyn L\u00e9vesque\",\"image\":{\"@type\":\"ImageObject\",\"inLanguage\":\"fr-FR\",\"@id\":\"https:\/\/www.sadc-cae.ca\/en\/#\/schema\/person\/image\/\",\"url\":\"https:\/\/secure.gravatar.com\/avatar\/8b4d48350de166fd42518df3e445292f374ce16397d872b6e859c8f92d884500?s=96&d=mm&r=g\",\"contentUrl\":\"https:\/\/secure.gravatar.com\/avatar\/8b4d48350de166fd42518df3e445292f374ce16397d872b6e859c8f92d884500?s=96&d=mm&r=g\",\"caption\":\"Jocelyn L\u00e9vesque\"},\"url\":\"https:\/\/www.sadc-cae.ca\/fr\/author\/sadc_rouyn_noranda\/\"}]}<\/script>\n<!-- \/ Yoast SEO plugin. -->","yoast_head_json":{"title":"R\u00e9seau des SADC et CAE - Ouverture de Olivares & Co","robots":{"index":"index","follow":"follow","max-snippet":"max-snippet:-1","max-image-preview":"max-image-preview:large","max-video-preview":"max-video-preview:-1"},"canonical":"https:\/\/www.sadc-cae.ca\/fr\/ouverture-de-olivares-co\/","og_locale":"fr_FR","og_type":"article","og_title":"R\u00e9seau des SADC et CAE - Ouverture de Olivares & Co","og_description":"Depuis f\u00e9vrier, Olivares &amp; Co insuffle un vent de fra\u00eecheur \u00e0 la sc\u00e8ne culinaire de Rouyn-Noranda avec sa cuisine aux accents m\u00e9diterran\u00e9ens. Port\u00e9 par Sara Tremblay, Damie Charlebois Olivares et Sylvain Desnoyers, l\u2019\u00e9tablissement s\u00e9duit par son ambiance conviviale et ses plats ax\u00e9s sur la fra\u00eecheur. D\u00e9j\u00e0, cette nouvelle adresse attire une client\u00e8le enthousiaste en Abitibi-T\u00e9miscamingue.","og_url":"https:\/\/www.sadc-cae.ca\/fr\/ouverture-de-olivares-co\/","og_site_name":"R\u00e9seau des SADC et CAE","article_published_time":"2026-04-28T17:44:18+00:00","og_image":[{"width":1317,"height":737,"url":"https:\/\/www.sadc-cae.ca\/wp-content\/uploads\/2026\/04\/Capture-decran-2026-04-28-134323.png","type":"image\/png"}],"author":"Jocelyn L\u00e9vesque","twitter_card":"summary_large_image","twitter_misc":{"\u00c9crit par":"Jocelyn L\u00e9vesque","Dur\u00e9e de lecture estim\u00e9e":"1 minute"},"schema":{"@context":"https:\/\/schema.org","@graph":[{"@type":["Article","BlogPosting","NewsArticle"],"@id":"https:\/\/www.sadc-cae.ca\/fr\/ouverture-de-olivares-co\/#article","isPartOf":{"@id":"https:\/\/www.sadc-cae.ca\/fr\/ouverture-de-olivares-co\/"},"author":{"name":"Jocelyn L\u00e9vesque","@id":"https:\/\/www.sadc-cae.ca\/en\/#\/schema\/person\/f65e17c2754bbac91c7b4af0d07fcd41"},"headline":"Ouverture de Olivares &#038; Co","datePublished":"2026-04-28T17:44:18+00:00","mainEntityOfPage":{"@id":"https:\/\/www.sadc-cae.ca\/fr\/ouverture-de-olivares-co\/"},"wordCount":70,"publisher":{"@id":"https:\/\/www.sadc-cae.ca\/en\/#organization"},"image":{"@id":"https:\/\/www.sadc-cae.ca\/fr\/ouverture-de-olivares-co\/#primaryimage"},"thumbnailUrl":"https:\/\/www.sadc-cae.ca\/wp-content\/uploads\/2026\/04\/Capture-decran-2026-04-28-134323.png","articleSection":["Non classifi\u00e9(e)"],"inLanguage":"fr-FR"},{"@type":"WebPage","@id":"https:\/\/www.sadc-cae.ca\/fr\/ouverture-de-olivares-co\/","url":"https:\/\/www.sadc-cae.ca\/fr\/ouverture-de-olivares-co\/","name":"R\u00e9seau des SADC et CAE - Ouverture de Olivares & Co","isPartOf":{"@id":"https:\/\/www.sadc-cae.ca\/en\/#website"},"primaryImageOfPage":{"@id":"https:\/\/www.sadc-cae.ca\/fr\/ouverture-de-olivares-co\/#primaryimage"},"image":{"@id":"https:\/\/www.sadc-cae.ca\/fr\/ouverture-de-olivares-co\/#primaryimage"},"thumbnailUrl":"https:\/\/www.sadc-cae.ca\/wp-content\/uploads\/2026\/04\/Capture-decran-2026-04-28-134323.png","datePublished":"2026-04-28T17:44:18+00:00","breadcrumb":{"@id":"https:\/\/www.sadc-cae.ca\/fr\/ouverture-de-olivares-co\/#breadcrumb"},"inLanguage":"fr-FR","potentialAction":[{"@type":"ReadAction","target":["https:\/\/www.sadc-cae.ca\/fr\/ouverture-de-olivares-co\/"]}]},{"@type":"ImageObject","inLanguage":"fr-FR","@id":"https:\/\/www.sadc-cae.ca\/fr\/ouverture-de-olivares-co\/#primaryimage","url":"https:\/\/www.sadc-cae.ca\/wp-content\/uploads\/2026\/04\/Capture-decran-2026-04-28-134323.png","contentUrl":"https:\/\/www.sadc-cae.ca\/wp-content\/uploads\/2026\/04\/Capture-decran-2026-04-28-134323.png","width":1317,"height":737},{"@type":"BreadcrumbList","@id":"https:\/\/www.sadc-cae.ca\/fr\/ouverture-de-olivares-co\/#breadcrumb","itemListElement":[{"@type":"ListItem","position":1,"name":"Accueil","item":"https:\/\/www.sadc-cae.ca\/fr\/"},{"@type":"ListItem","position":2,"name":"Ouverture de Olivares &#038; Co"}]},{"@type":"WebSite","@id":"https:\/\/www.sadc-cae.ca\/en\/#website","url":"https:\/\/www.sadc-cae.ca\/en\/","name":"CAE Laprade Trois-Rivi\u00e8res","description":"On soutient et finance vos projets locaux","publisher":{"@id":"https:\/\/www.sadc-cae.ca\/en\/#organization"},"potentialAction":[{"@type":"SearchAction","target":{"@type":"EntryPoint","urlTemplate":"https:\/\/www.sadc-cae.ca\/en\/?s={search_term_string}"},"query-input":{"@type":"PropertyValueSpecification","valueRequired":true,"valueName":"search_term_string"}}],"inLanguage":"fr-FR"},{"@type":"Organization","@id":"https:\/\/www.sadc-cae.ca\/en\/#organization","name":"CAE Laprade Trois-Rivi\u00e8res Inc.","url":"https:\/\/www.sadc-cae.ca\/en\/","logo":{"@type":"ImageObject","inLanguage":"fr-FR","@id":"https:\/\/www.sadc-cae.ca\/en\/#\/schema\/logo\/image\/","url":"https:\/\/www.sadc-cae.ca\/wp-content\/uploads\/2024\/09\/SADC_Facebook_PhotoProfil.jpg","contentUrl":"https:\/\/www.sadc-cae.ca\/wp-content\/uploads\/2024\/09\/SADC_Facebook_PhotoProfil.jpg","width":640,"height":640,"caption":"CAE Laprade Trois-Rivi\u00e8res Inc."},"image":{"@id":"https:\/\/www.sadc-cae.ca\/en\/#\/schema\/logo\/image\/"}},{"@type":"Person","@id":"https:\/\/www.sadc-cae.ca\/en\/#\/schema\/person\/f65e17c2754bbac91c7b4af0d07fcd41","name":"Jocelyn L\u00e9vesque","image":{"@type":"ImageObject","inLanguage":"fr-FR","@id":"https:\/\/www.sadc-cae.ca\/en\/#\/schema\/person\/image\/","url":"https:\/\/secure.gravatar.com\/avatar\/8b4d48350de166fd42518df3e445292f374ce16397d872b6e859c8f92d884500?s=96&d=mm&r=g","contentUrl":"https:\/\/secure.gravatar.com\/avatar\/8b4d48350de166fd42518df3e445292f374ce16397d872b6e859c8f92d884500?s=96&d=mm&r=g","caption":"Jocelyn L\u00e9vesque"},"url":"https:\/\/www.sadc-cae.ca\/fr\/author\/sadc_rouyn_noranda\/"}]}},"_links":{"self":[{"href":"https:\/\/www.sadc-cae.ca\/fr\/wp-json\/wp\/v2\/posts\/15612","targetHints":{"allow":["GET"]}}],"collection":[{"href":"https:\/\/www.sadc-cae.ca\/fr\/wp-json\/wp\/v2\/posts"}],"about":[{"href":"https:\/\/www.sadc-cae.ca\/fr\/wp-json\/wp\/v2\/types\/post"}],"author":[{"embeddable":true,"href":"https:\/\/www.sadc-cae.ca\/fr\/wp-json\/wp\/v2\/users\/81"}],"replies":[{"embeddable":true,"href":"https:\/\/www.sadc-cae.ca\/fr\/wp-json\/wp\/v2\/comments?post=15612"}],"version-history":[{"count":1,"href":"https:\/\/www.sadc-cae.ca\/fr\/wp-json\/wp\/v2\/posts\/15612\/revisions"}],"predecessor-version":[{"id":15614,"href":"https:\/\/www.sadc-cae.ca\/fr\/wp-json\/wp\/v2\/posts\/15612\/revisions\/15614"}],"wp:featuredmedia":[{"embeddable":true,"href":"https:\/\/www.sadc-cae.ca\/fr\/wp-json\/wp\/v2\/media\/15613"}],"wp:attachment":[{"href":"https:\/\/www.sadc-cae.ca\/fr\/wp-json\/wp\/v2\/media?parent=15612"}],"wp:term":[{"taxonomy":"category","embeddable":true,"href":"https:\/\/www.sadc-cae.ca\/fr\/wp-json\/wp\/v2\/categories?post=15612"},{"taxonomy":"post_tag","embeddable":true,"href":"https:\/\/www.sadc-cae.ca\/fr\/wp-json\/wp\/v2\/tags?post=15612"}],"curies":[{"name":"wp","href":"https:\/\/api.w.org\/{rel}","templated":true}]}}