{"id":5615,"date":"2024-05-31T13:37:45","date_gmt":"2024-05-31T17:37:45","guid":{"rendered":"https:\/\/www.sadc-cae.ca\/assemblee-generale-annuelle-2023-2024-de-la-sadc-de-la-mrc-de-riviere-du-loup\/"},"modified":"2024-10-10T15:39:54","modified_gmt":"2024-10-10T19:39:54","slug":"assemblee-generale-annuelle-2023-2024-de-la-sadc-de-la-mrc-de-riviere-du-loup","status":"publish","type":"post","link":"https:\/\/www.sadc-cae.ca\/fr\/assemblee-generale-annuelle-2023-2024-de-la-sadc-de-la-mrc-de-riviere-du-loup\/","title":{"rendered":"ASSEMBL\u00c9E G\u00c9N\u00c9RALE ANNUELLE 2023-2024 DE LA SADC DE LA MRC DE RIVI\u00c8RE-DU-LOUP"},"content":{"rendered":"<p>Vous \u00eates invit\u00e9 \u00e0 participer \u00e0 l&rsquo;Assembl\u00e9e g\u00e9n\u00e9rale annuelle de la SADC de la MRC de Rivi\u00e8re-du-Loup qui aura lieu le mercredi <strong>26 juin 2024<\/strong>, de <strong>16 h \u00e0 18 h<\/strong>, \u00e0 l&rsquo;<strong>Auberge de la Pointe<\/strong> (10, boul. Cartier, Rivi\u00e8re-du-Loup).\u00a0<\/p>\n<p><strong>Au programme<\/strong> :<br \/>\n&#8211; Pr\u00e9sentation du rapport annuel 2023-2024<br \/>\n&#8211; Mini-conf\u00e9rence sur les services de la SADC en \u00e9conomie circulaire avec Alexandre Jolicoeur, conseiller en \u00e9conomie circulaire \u00e0 la SADC de la MRC de Rivi\u00e8re-du-Loup<br \/>\n&#8211; Discussion et r\u00e9seautage<\/p>\n<p><a href=\"http:\/\/forms.office.com\/r\/kvVdjYBb0H?origin=lprLink\">Veuillez vous inscrire<\/a> afin de r\u00e9server votre place et avoir acc\u00e8s au cocktail et aux bouch\u00e9es. Merci de compl\u00e9ter le formulaire avant le 20 juin.\u00a0<\/p>\n<p>Si vous d\u00e9sirez porter votre candidature au conseil d\u2019administration, veuillez le signifier par \u00e9crit avant le 17 juin prochain \u00e0 mjdorval@sadcmrcrdl.ca.<\/p>\n<p>Au plaisir de vous y voir !<\/p>\n","protected":false},"excerpt":{"rendered":"<p>Vous \u00eates invit\u00e9 \u00e0 participer \u00e0 l&rsquo;Assembl\u00e9e g\u00e9n\u00e9rale annuelle de la SADC de la MRC de Rivi\u00e8re-du-Loup qui aura lieu le mercredi 26 juin 2024, de 16 h \u00e0 18 h, \u00e0 l&rsquo;Auberge de la Pointe (10, boul. Cartier, Rivi\u00e8re-du-Loup).\u00a0 Au programme : &#8211; Pr\u00e9sentation du rapport annuel 2023-2024 &#8211; Mini-conf\u00e9rence sur les services de [&hellip;]<\/p>\n","protected":false},"author":25,"featured_media":5616,"comment_status":"closed","ping_status":"closed","sticky":false,"template":"","format":"standard","meta":{"_acf_changed":false,"footnotes":""},"categories":[45],"tags":[],"class_list":["post-5615","post","type-post","status-publish","format-standard","has-post-thumbnail","hentry","category-non-classifiee"],"acf":[],"yoast_head":"<!-- This site is optimized with the Yoast SEO plugin v26.8 - https:\/\/yoast.com\/product\/yoast-seo-wordpress\/ -->\n<title>R\u00e9seau des SADC et CAE - ASSEMBL\u00c9E G\u00c9N\u00c9RALE ANNUELLE 2023-2024 DE LA SADC DE LA MRC DE RIVI\u00c8RE-DU-LOUP<\/title>\n<meta name=\"robots\" content=\"index, follow, max-snippet:-1, max-image-preview:large, max-video-preview:-1\" \/>\n<link rel=\"canonical\" href=\"https:\/\/www.sadc-cae.ca\/fr\/assemblee-generale-annuelle-2023-2024-de-la-sadc-de-la-mrc-de-riviere-du-loup\/\" \/>\n<meta property=\"og:locale\" content=\"fr_FR\" \/>\n<meta property=\"og:type\" content=\"article\" \/>\n<meta property=\"og:title\" content=\"R\u00e9seau des SADC et CAE - ASSEMBL\u00c9E G\u00c9N\u00c9RALE ANNUELLE 2023-2024 DE LA SADC DE LA MRC DE RIVI\u00c8RE-DU-LOUP\" \/>\n<meta property=\"og:description\" content=\"Vous \u00eates invit\u00e9 \u00e0 participer \u00e0 l&rsquo;Assembl\u00e9e g\u00e9n\u00e9rale annuelle de la SADC de la MRC de Rivi\u00e8re-du-Loup qui aura lieu le mercredi 26 juin 2024, de 16 h \u00e0 18 h, \u00e0 l&rsquo;Auberge de la Pointe (10, boul. Cartier, Rivi\u00e8re-du-Loup).\u00a0 Au programme : &#8211; Pr\u00e9sentation du rapport annuel 2023-2024 &#8211; Mini-conf\u00e9rence sur les services de [&hellip;]\" \/>\n<meta property=\"og:url\" content=\"https:\/\/www.sadc-cae.ca\/fr\/assemblee-generale-annuelle-2023-2024-de-la-sadc-de-la-mrc-de-riviere-du-loup\/\" \/>\n<meta property=\"og:site_name\" content=\"R\u00e9seau des SADC et CAE\" \/>\n<meta property=\"article:published_time\" content=\"2024-05-31T17:37:45+00:00\" \/>\n<meta property=\"article:modified_time\" content=\"2024-10-10T19:39:54+00:00\" \/>\n<meta property=\"og:image\" content=\"https:\/\/www.sadc-cae.ca\/wp-content\/uploads\/2024\/07\/26-juin-2024-1.png\" \/>\n\t<meta property=\"og:image:width\" content=\"600\" \/>\n\t<meta property=\"og:image:height\" content=\"346\" \/>\n\t<meta property=\"og:image:type\" content=\"image\/png\" \/>\n<meta name=\"author\" content=\"V\u00e9ronique Fortier\" \/>\n<meta name=\"twitter:card\" content=\"summary_large_image\" \/>\n<meta name=\"twitter:label1\" content=\"\u00c9crit par\" \/>\n\t<meta name=\"twitter:data1\" content=\"V\u00e9ronique Fortier\" \/>\n\t<meta name=\"twitter:label2\" content=\"Dur\u00e9e de lecture estim\u00e9e\" \/>\n\t<meta name=\"twitter:data2\" content=\"1 minute\" \/>\n<script type=\"application\/ld+json\" class=\"yoast-schema-graph\">{\"@context\":\"https:\/\/schema.org\",\"@graph\":[{\"@type\":[\"Article\",\"BlogPosting\",\"NewsArticle\"],\"@id\":\"https:\/\/www.sadc-cae.ca\/fr\/assemblee-generale-annuelle-2023-2024-de-la-sadc-de-la-mrc-de-riviere-du-loup\/#article\",\"isPartOf\":{\"@id\":\"https:\/\/www.sadc-cae.ca\/fr\/assemblee-generale-annuelle-2023-2024-de-la-sadc-de-la-mrc-de-riviere-du-loup\/\"},\"author\":{\"name\":\"V\u00e9ronique Fortier\",\"@id\":\"https:\/\/www.sadc-cae.ca\/en\/#\/schema\/person\/a2228edf987383b0b804fb8943573ced\"},\"headline\":\"ASSEMBL\u00c9E G\u00c9N\u00c9RALE ANNUELLE 2023-2024 DE LA SADC DE LA MRC DE RIVI\u00c8RE-DU-LOUP\",\"datePublished\":\"2024-05-31T17:37:45+00:00\",\"dateModified\":\"2024-10-10T19:39:54+00:00\",\"mainEntityOfPage\":{\"@id\":\"https:\/\/www.sadc-cae.ca\/fr\/assemblee-generale-annuelle-2023-2024-de-la-sadc-de-la-mrc-de-riviere-du-loup\/\"},\"wordCount\":152,\"publisher\":{\"@id\":\"https:\/\/www.sadc-cae.ca\/en\/#organization\"},\"image\":{\"@id\":\"https:\/\/www.sadc-cae.ca\/fr\/assemblee-generale-annuelle-2023-2024-de-la-sadc-de-la-mrc-de-riviere-du-loup\/#primaryimage\"},\"thumbnailUrl\":\"https:\/\/www.sadc-cae.ca\/wp-content\/uploads\/2024\/07\/26-juin-2024-1.png\",\"articleSection\":[\"Non classifi\u00e9(e)\"],\"inLanguage\":\"fr-FR\"},{\"@type\":\"WebPage\",\"@id\":\"https:\/\/www.sadc-cae.ca\/fr\/assemblee-generale-annuelle-2023-2024-de-la-sadc-de-la-mrc-de-riviere-du-loup\/\",\"url\":\"https:\/\/www.sadc-cae.ca\/fr\/assemblee-generale-annuelle-2023-2024-de-la-sadc-de-la-mrc-de-riviere-du-loup\/\",\"name\":\"R\u00e9seau des SADC et CAE - ASSEMBL\u00c9E G\u00c9N\u00c9RALE ANNUELLE 2023-2024 DE LA SADC DE LA MRC DE RIVI\u00c8RE-DU-LOUP\",\"isPartOf\":{\"@id\":\"https:\/\/www.sadc-cae.ca\/en\/#website\"},\"primaryImageOfPage\":{\"@id\":\"https:\/\/www.sadc-cae.ca\/fr\/assemblee-generale-annuelle-2023-2024-de-la-sadc-de-la-mrc-de-riviere-du-loup\/#primaryimage\"},\"image\":{\"@id\":\"https:\/\/www.sadc-cae.ca\/fr\/assemblee-generale-annuelle-2023-2024-de-la-sadc-de-la-mrc-de-riviere-du-loup\/#primaryimage\"},\"thumbnailUrl\":\"https:\/\/www.sadc-cae.ca\/wp-content\/uploads\/2024\/07\/26-juin-2024-1.png\",\"datePublished\":\"2024-05-31T17:37:45+00:00\",\"dateModified\":\"2024-10-10T19:39:54+00:00\",\"breadcrumb\":{\"@id\":\"https:\/\/www.sadc-cae.ca\/fr\/assemblee-generale-annuelle-2023-2024-de-la-sadc-de-la-mrc-de-riviere-du-loup\/#breadcrumb\"},\"inLanguage\":\"fr-FR\",\"potentialAction\":[{\"@type\":\"ReadAction\",\"target\":[\"https:\/\/www.sadc-cae.ca\/fr\/assemblee-generale-annuelle-2023-2024-de-la-sadc-de-la-mrc-de-riviere-du-loup\/\"]}]},{\"@type\":\"ImageObject\",\"inLanguage\":\"fr-FR\",\"@id\":\"https:\/\/www.sadc-cae.ca\/fr\/assemblee-generale-annuelle-2023-2024-de-la-sadc-de-la-mrc-de-riviere-du-loup\/#primaryimage\",\"url\":\"https:\/\/www.sadc-cae.ca\/wp-content\/uploads\/2024\/07\/26-juin-2024-1.png\",\"contentUrl\":\"https:\/\/www.sadc-cae.ca\/wp-content\/uploads\/2024\/07\/26-juin-2024-1.png\",\"width\":600,\"height\":346},{\"@type\":\"BreadcrumbList\",\"@id\":\"https:\/\/www.sadc-cae.ca\/fr\/assemblee-generale-annuelle-2023-2024-de-la-sadc-de-la-mrc-de-riviere-du-loup\/#breadcrumb\",\"itemListElement\":[{\"@type\":\"ListItem\",\"position\":1,\"name\":\"Accueil\",\"item\":\"https:\/\/www.sadc-cae.ca\/fr\/\"},{\"@type\":\"ListItem\",\"position\":2,\"name\":\"ASSEMBL\u00c9E G\u00c9N\u00c9RALE ANNUELLE 2023-2024 DE LA SADC DE LA MRC DE RIVI\u00c8RE-DU-LOUP\"}]},{\"@type\":\"WebSite\",\"@id\":\"https:\/\/www.sadc-cae.ca\/en\/#website\",\"url\":\"https:\/\/www.sadc-cae.ca\/en\/\",\"name\":\"CAE Laprade Trois-Rivi\u00e8res\",\"description\":\"On soutient et finance vos projets locaux\",\"publisher\":{\"@id\":\"https:\/\/www.sadc-cae.ca\/en\/#organization\"},\"potentialAction\":[{\"@type\":\"SearchAction\",\"target\":{\"@type\":\"EntryPoint\",\"urlTemplate\":\"https:\/\/www.sadc-cae.ca\/en\/?s={search_term_string}\"},\"query-input\":{\"@type\":\"PropertyValueSpecification\",\"valueRequired\":true,\"valueName\":\"search_term_string\"}}],\"inLanguage\":\"fr-FR\"},{\"@type\":\"Organization\",\"@id\":\"https:\/\/www.sadc-cae.ca\/en\/#organization\",\"name\":\"CAE Laprade Trois-Rivi\u00e8res Inc.\",\"url\":\"https:\/\/www.sadc-cae.ca\/en\/\",\"logo\":{\"@type\":\"ImageObject\",\"inLanguage\":\"fr-FR\",\"@id\":\"https:\/\/www.sadc-cae.ca\/en\/#\/schema\/logo\/image\/\",\"url\":\"https:\/\/www.sadc-cae.ca\/wp-content\/uploads\/2024\/09\/SADC_Facebook_PhotoProfil.jpg\",\"contentUrl\":\"https:\/\/www.sadc-cae.ca\/wp-content\/uploads\/2024\/09\/SADC_Facebook_PhotoProfil.jpg\",\"width\":640,\"height\":640,\"caption\":\"CAE Laprade Trois-Rivi\u00e8res Inc.\"},\"image\":{\"@id\":\"https:\/\/www.sadc-cae.ca\/en\/#\/schema\/logo\/image\/\"}},{\"@type\":\"Person\",\"@id\":\"https:\/\/www.sadc-cae.ca\/en\/#\/schema\/person\/a2228edf987383b0b804fb8943573ced\",\"name\":\"V\u00e9ronique Fortier\",\"image\":{\"@type\":\"ImageObject\",\"inLanguage\":\"fr-FR\",\"@id\":\"https:\/\/www.sadc-cae.ca\/en\/#\/schema\/person\/image\/\",\"url\":\"https:\/\/secure.gravatar.com\/avatar\/f9b8c1ec0e580e0f3c07da4663f9ab843d5e52f93d300a54c0967cc23b3b7655?s=96&d=mm&r=g\",\"contentUrl\":\"https:\/\/secure.gravatar.com\/avatar\/f9b8c1ec0e580e0f3c07da4663f9ab843d5e52f93d300a54c0967cc23b3b7655?s=96&d=mm&r=g\",\"caption\":\"V\u00e9ronique Fortier\"},\"url\":\"https:\/\/www.sadc-cae.ca\/fr\/author\/sadc_mrc_riviere_du_loup\/\"}]}<\/script>\n<!-- \/ Yoast SEO plugin. -->","yoast_head_json":{"title":"R\u00e9seau des SADC et CAE - ASSEMBL\u00c9E G\u00c9N\u00c9RALE ANNUELLE 2023-2024 DE LA SADC DE LA MRC DE RIVI\u00c8RE-DU-LOUP","robots":{"index":"index","follow":"follow","max-snippet":"max-snippet:-1","max-image-preview":"max-image-preview:large","max-video-preview":"max-video-preview:-1"},"canonical":"https:\/\/www.sadc-cae.ca\/fr\/assemblee-generale-annuelle-2023-2024-de-la-sadc-de-la-mrc-de-riviere-du-loup\/","og_locale":"fr_FR","og_type":"article","og_title":"R\u00e9seau des SADC et CAE - ASSEMBL\u00c9E G\u00c9N\u00c9RALE ANNUELLE 2023-2024 DE LA SADC DE LA MRC DE RIVI\u00c8RE-DU-LOUP","og_description":"Vous \u00eates invit\u00e9 \u00e0 participer \u00e0 l&rsquo;Assembl\u00e9e g\u00e9n\u00e9rale annuelle de la SADC de la MRC de Rivi\u00e8re-du-Loup qui aura lieu le mercredi 26 juin 2024, de 16 h \u00e0 18 h, \u00e0 l&rsquo;Auberge de la Pointe (10, boul. Cartier, Rivi\u00e8re-du-Loup).\u00a0 Au programme : &#8211; Pr\u00e9sentation du rapport annuel 2023-2024 &#8211; Mini-conf\u00e9rence sur les services de [&hellip;]","og_url":"https:\/\/www.sadc-cae.ca\/fr\/assemblee-generale-annuelle-2023-2024-de-la-sadc-de-la-mrc-de-riviere-du-loup\/","og_site_name":"R\u00e9seau des SADC et CAE","article_published_time":"2024-05-31T17:37:45+00:00","article_modified_time":"2024-10-10T19:39:54+00:00","og_image":[{"width":600,"height":346,"url":"https:\/\/www.sadc-cae.ca\/wp-content\/uploads\/2024\/07\/26-juin-2024-1.png","type":"image\/png"}],"author":"V\u00e9ronique Fortier","twitter_card":"summary_large_image","twitter_misc":{"\u00c9crit par":"V\u00e9ronique Fortier","Dur\u00e9e de lecture estim\u00e9e":"1 minute"},"schema":{"@context":"https:\/\/schema.org","@graph":[{"@type":["Article","BlogPosting","NewsArticle"],"@id":"https:\/\/www.sadc-cae.ca\/fr\/assemblee-generale-annuelle-2023-2024-de-la-sadc-de-la-mrc-de-riviere-du-loup\/#article","isPartOf":{"@id":"https:\/\/www.sadc-cae.ca\/fr\/assemblee-generale-annuelle-2023-2024-de-la-sadc-de-la-mrc-de-riviere-du-loup\/"},"author":{"name":"V\u00e9ronique Fortier","@id":"https:\/\/www.sadc-cae.ca\/en\/#\/schema\/person\/a2228edf987383b0b804fb8943573ced"},"headline":"ASSEMBL\u00c9E G\u00c9N\u00c9RALE ANNUELLE 2023-2024 DE LA SADC DE LA MRC DE RIVI\u00c8RE-DU-LOUP","datePublished":"2024-05-31T17:37:45+00:00","dateModified":"2024-10-10T19:39:54+00:00","mainEntityOfPage":{"@id":"https:\/\/www.sadc-cae.ca\/fr\/assemblee-generale-annuelle-2023-2024-de-la-sadc-de-la-mrc-de-riviere-du-loup\/"},"wordCount":152,"publisher":{"@id":"https:\/\/www.sadc-cae.ca\/en\/#organization"},"image":{"@id":"https:\/\/www.sadc-cae.ca\/fr\/assemblee-generale-annuelle-2023-2024-de-la-sadc-de-la-mrc-de-riviere-du-loup\/#primaryimage"},"thumbnailUrl":"https:\/\/www.sadc-cae.ca\/wp-content\/uploads\/2024\/07\/26-juin-2024-1.png","articleSection":["Non classifi\u00e9(e)"],"inLanguage":"fr-FR"},{"@type":"WebPage","@id":"https:\/\/www.sadc-cae.ca\/fr\/assemblee-generale-annuelle-2023-2024-de-la-sadc-de-la-mrc-de-riviere-du-loup\/","url":"https:\/\/www.sadc-cae.ca\/fr\/assemblee-generale-annuelle-2023-2024-de-la-sadc-de-la-mrc-de-riviere-du-loup\/","name":"R\u00e9seau des SADC et CAE - ASSEMBL\u00c9E G\u00c9N\u00c9RALE ANNUELLE 2023-2024 DE LA SADC DE LA MRC DE RIVI\u00c8RE-DU-LOUP","isPartOf":{"@id":"https:\/\/www.sadc-cae.ca\/en\/#website"},"primaryImageOfPage":{"@id":"https:\/\/www.sadc-cae.ca\/fr\/assemblee-generale-annuelle-2023-2024-de-la-sadc-de-la-mrc-de-riviere-du-loup\/#primaryimage"},"image":{"@id":"https:\/\/www.sadc-cae.ca\/fr\/assemblee-generale-annuelle-2023-2024-de-la-sadc-de-la-mrc-de-riviere-du-loup\/#primaryimage"},"thumbnailUrl":"https:\/\/www.sadc-cae.ca\/wp-content\/uploads\/2024\/07\/26-juin-2024-1.png","datePublished":"2024-05-31T17:37:45+00:00","dateModified":"2024-10-10T19:39:54+00:00","breadcrumb":{"@id":"https:\/\/www.sadc-cae.ca\/fr\/assemblee-generale-annuelle-2023-2024-de-la-sadc-de-la-mrc-de-riviere-du-loup\/#breadcrumb"},"inLanguage":"fr-FR","potentialAction":[{"@type":"ReadAction","target":["https:\/\/www.sadc-cae.ca\/fr\/assemblee-generale-annuelle-2023-2024-de-la-sadc-de-la-mrc-de-riviere-du-loup\/"]}]},{"@type":"ImageObject","inLanguage":"fr-FR","@id":"https:\/\/www.sadc-cae.ca\/fr\/assemblee-generale-annuelle-2023-2024-de-la-sadc-de-la-mrc-de-riviere-du-loup\/#primaryimage","url":"https:\/\/www.sadc-cae.ca\/wp-content\/uploads\/2024\/07\/26-juin-2024-1.png","contentUrl":"https:\/\/www.sadc-cae.ca\/wp-content\/uploads\/2024\/07\/26-juin-2024-1.png","width":600,"height":346},{"@type":"BreadcrumbList","@id":"https:\/\/www.sadc-cae.ca\/fr\/assemblee-generale-annuelle-2023-2024-de-la-sadc-de-la-mrc-de-riviere-du-loup\/#breadcrumb","itemListElement":[{"@type":"ListItem","position":1,"name":"Accueil","item":"https:\/\/www.sadc-cae.ca\/fr\/"},{"@type":"ListItem","position":2,"name":"ASSEMBL\u00c9E G\u00c9N\u00c9RALE ANNUELLE 2023-2024 DE LA SADC DE LA MRC DE RIVI\u00c8RE-DU-LOUP"}]},{"@type":"WebSite","@id":"https:\/\/www.sadc-cae.ca\/en\/#website","url":"https:\/\/www.sadc-cae.ca\/en\/","name":"CAE Laprade Trois-Rivi\u00e8res","description":"On soutient et finance vos projets locaux","publisher":{"@id":"https:\/\/www.sadc-cae.ca\/en\/#organization"},"potentialAction":[{"@type":"SearchAction","target":{"@type":"EntryPoint","urlTemplate":"https:\/\/www.sadc-cae.ca\/en\/?s={search_term_string}"},"query-input":{"@type":"PropertyValueSpecification","valueRequired":true,"valueName":"search_term_string"}}],"inLanguage":"fr-FR"},{"@type":"Organization","@id":"https:\/\/www.sadc-cae.ca\/en\/#organization","name":"CAE Laprade Trois-Rivi\u00e8res Inc.","url":"https:\/\/www.sadc-cae.ca\/en\/","logo":{"@type":"ImageObject","inLanguage":"fr-FR","@id":"https:\/\/www.sadc-cae.ca\/en\/#\/schema\/logo\/image\/","url":"https:\/\/www.sadc-cae.ca\/wp-content\/uploads\/2024\/09\/SADC_Facebook_PhotoProfil.jpg","contentUrl":"https:\/\/www.sadc-cae.ca\/wp-content\/uploads\/2024\/09\/SADC_Facebook_PhotoProfil.jpg","width":640,"height":640,"caption":"CAE Laprade Trois-Rivi\u00e8res Inc."},"image":{"@id":"https:\/\/www.sadc-cae.ca\/en\/#\/schema\/logo\/image\/"}},{"@type":"Person","@id":"https:\/\/www.sadc-cae.ca\/en\/#\/schema\/person\/a2228edf987383b0b804fb8943573ced","name":"V\u00e9ronique Fortier","image":{"@type":"ImageObject","inLanguage":"fr-FR","@id":"https:\/\/www.sadc-cae.ca\/en\/#\/schema\/person\/image\/","url":"https:\/\/secure.gravatar.com\/avatar\/f9b8c1ec0e580e0f3c07da4663f9ab843d5e52f93d300a54c0967cc23b3b7655?s=96&d=mm&r=g","contentUrl":"https:\/\/secure.gravatar.com\/avatar\/f9b8c1ec0e580e0f3c07da4663f9ab843d5e52f93d300a54c0967cc23b3b7655?s=96&d=mm&r=g","caption":"V\u00e9ronique Fortier"},"url":"https:\/\/www.sadc-cae.ca\/fr\/author\/sadc_mrc_riviere_du_loup\/"}]}},"_links":{"self":[{"href":"https:\/\/www.sadc-cae.ca\/fr\/wp-json\/wp\/v2\/posts\/5615","targetHints":{"allow":["GET"]}}],"collection":[{"href":"https:\/\/www.sadc-cae.ca\/fr\/wp-json\/wp\/v2\/posts"}],"about":[{"href":"https:\/\/www.sadc-cae.ca\/fr\/wp-json\/wp\/v2\/types\/post"}],"author":[{"embeddable":true,"href":"https:\/\/www.sadc-cae.ca\/fr\/wp-json\/wp\/v2\/users\/25"}],"replies":[{"embeddable":true,"href":"https:\/\/www.sadc-cae.ca\/fr\/wp-json\/wp\/v2\/comments?post=5615"}],"version-history":[{"count":0,"href":"https:\/\/www.sadc-cae.ca\/fr\/wp-json\/wp\/v2\/posts\/5615\/revisions"}],"wp:featuredmedia":[{"embeddable":true,"href":"https:\/\/www.sadc-cae.ca\/fr\/wp-json\/wp\/v2\/media\/5616"}],"wp:attachment":[{"href":"https:\/\/www.sadc-cae.ca\/fr\/wp-json\/wp\/v2\/media?parent=5615"}],"wp:term":[{"taxonomy":"category","embeddable":true,"href":"https:\/\/www.sadc-cae.ca\/fr\/wp-json\/wp\/v2\/categories?post=5615"},{"taxonomy":"post_tag","embeddable":true,"href":"https:\/\/www.sadc-cae.ca\/fr\/wp-json\/wp\/v2\/tags?post=5615"}],"curies":[{"name":"wp","href":"https:\/\/api.w.org\/{rel}","templated":true}]}}