{"id":5635,"date":"2024-06-05T13:58:57","date_gmt":"2024-06-05T17:58:57","guid":{"rendered":"https:\/\/www.sadc-cae.ca\/portrait-dentreprise-ford-et-subaru-new-richmond\/"},"modified":"2024-10-10T15:35:51","modified_gmt":"2024-10-10T19:35:51","slug":"portrait-dentreprise-ford-et-subaru-new-richmond","status":"publish","type":"post","link":"https:\/\/www.sadc-cae.ca\/fr\/portrait-dentreprise-ford-et-subaru-new-richmond\/","title":{"rendered":"Portrait d\u2019entreprise \u2013 Ford et Subaru New Richmond"},"content":{"rendered":"<p><em>Copropri\u00e9taire de Subaru New Richmond depuis 2010, Ren\u00e9 Leblanc a aussi acquis Ford New Richmond avec Adam et Andr\u00e9 Leblanc (ses fr\u00e8res) et Matthew O\u2019Reilly en 2018. Ensemble, ils ont entrepris d\u2019importants travaux d\u2019agrandissement pour Subaru et la construction d\u2019un nouveau b\u00e2timent pour Ford. Rencontre avec Ren\u00e9 au sujet de ces entreprises, qui ont r\u00e9cemment obtenu du soutien de la SADC de Baie-des-Chaleurs.<\/em><\/p>\n<p>&nbsp;<\/p>\n<p><strong>Les entreprises, en bref<\/strong><\/p>\n<p>Ford et Subaru New Richmond proposent une vaste gamme de v\u00e9hicules neufs et d\u2019occasion. Que ce soit au d\u00e9partement des ventes, du service apr\u00e8s-vente ou de l\u2019entretien, leurs \u00e9quipes offrent un accueil chaleureux et un service personnalis\u00e9. Les deux entreprises s\u2019assurent de r\u00e9pondre aux besoins des acheteurs et propri\u00e9taires de v\u00e9hicules Ford et Subaru de la Gasp\u00e9sie, tout en adoptant une approche jeune et dynamique en mati\u00e8re d\u2019exp\u00e9rience client. Leurs \u00e9quipes combin\u00e9es comptent 27 personnes.<\/p>\n<p><strong>En quoi vos entreprises se d\u00e9marquent-elles?<\/strong><\/p>\n<p>\u00ab\u2009L\u00e0 o\u00f9 on essaie d\u2019\u00eatre diff\u00e9rents, c\u2019est dans l\u2019approche familiale qu\u2019on peut avoir comme propri\u00e9taires occupants\u2009\u00bb, affirme Ren\u00e9. Ses associ\u00e9s et lui s\u2019efforcent d\u2019insuffler un c\u00f4t\u00e9 humain et personnalis\u00e9 \u00e0 leurs entreprises, et ils ont \u00e0 c\u0153ur leur p\u00e9rennit\u00e9. \u00ab\u2009On est des gens de la place et on n\u2019a pas peur de s\u2019ancrer ici. On s\u2019implique dans toutes sortes de causes. On est une entreprise locale qui participe au d\u00e9veloppement.\u2009\u00bb<\/p>\n<p><strong>Pourquoi avez-vous choisi la voie de l\u2019entrepreneuriat?<\/strong><\/p>\n<p>\u00ab\u2009Je suis tomb\u00e9 l\u00e0-dedans quand j\u2019avais 21 ans, raconte Ren\u00e9. (\u2026) Je faisais un bac en kin\u00e9siologie. Mon fr\u00e8re Adam \u00e9tait m\u00e9canicien \u00e0 Qu\u00e9bec.\u2009\u00bb Ce dernier lui a propos\u00e9 d\u2019acqu\u00e9rir un \u00ab\u2009garage\u2009\u00bb avec lui. Apr\u00e8s r\u00e9flexion, Ren\u00e9, adepte de voitures, embarque dans le projet. \u00ab\u2009Si on est l\u00e0 aujourd\u2019hui, c\u2019est parce que Peter [Cyr, propri\u00e9taire de Subaru, \u00e0 l\u2019\u00e9poque] a pris la d\u00e9cision de vendre \u00e0 deux jeunes. Il nous a visualis\u00e9s comme \u00e9tant sa succession et nous a montr\u00e9 les rouages.\u2009\u00bb<\/p>\n<p><strong>Qu\u2019est-ce que le soutien de la SADC vous a apport\u00e9?<\/strong><\/p>\n<p>\u00ab\u2009\u00c0 chaque projet, la SADC \u00e9tait l\u00e0!\u2009\u00bb affirme Ren\u00e9, qui pr\u00e9cise que lui et ses associ\u00e9s ont obtenu \u00e0 quelques reprises du financement gr\u00e2ce au Fonds d\u2019investissement et au programme Strat\u00e9gie jeunesse pour leurs deux entreprises. \u00ab\u2009Mais le plus gros soutien de la SADC, il n\u2019est pas mon\u00e9taire, c\u2019est le fait de donner de la confiance au dossier.\u2009\u00bb Ren\u00e9 souligne qu\u2019une fois l\u2019appui de la SADC obtenu, \u00ab\u2009les autres partenaires embarquent\u2009\u00bb plus facilement.<\/p>\n<p><strong>Parlez-nous d\u2019un \u00ab\u2009bon coup\u2009\u00bb dont vous \u00eates particuli\u00e8rement fier comme entrepreneur.<\/strong><\/p>\n<p>\u00ab\u2009Notre plan du Ford\u2009\u00bb, mentionne Ren\u00e9, en r\u00e9f\u00e9rence au b\u00e2timent construit en 2021. Selon lui, tout a \u00e9t\u00e9 pens\u00e9 par les quatre associ\u00e9s\u00a0: l\u2019emplacement, la luminosit\u00e9, le nombre de pas \u00e0 faire dans le b\u00e2timent, etc. \u00ab\u2009On en a visit\u00e9 plusieurs et on s\u2019est assis \u00e0 la table \u00e0 dessin. Le plan, on l\u2019a tellement travaill\u00e9, r\u00e9fl\u00e9chi et bien pens\u00e9 que Ford nous l\u2019a achet\u00e9 et c\u2019est rendu le prototype pour une concession de type D.\u2009\u00bb Ainsi, selon Ren\u00e9, pour les concessions ayant un volume de ventes annuel similaire \u00e0 celui de Ford New Richmond, \u00ab\u2009c\u2019est ce\u00a0<em>frame<\/em>-l\u00e0 qui va \u00eatre utilis\u00e9 partout dans le monde!\u2009\u00bb<\/p>\n<p><strong>Quel conseil aimeriez-vous donner \u00e0 une personne qui souhaite se lancer en affaires dans la Baie-des-Chaleurs?<\/strong><\/p>\n<p>\u00ab\u2009Pose-toi la question si c\u2019est vraiment ce que tu veux faire, et si oui, fais-le!\u2009\u00bb, affirme Ren\u00e9. \u00ab\u2009J\u2019ai toujours trouv\u00e9 que la place la plus\u00a0<em>cool<\/em>\u00a0pour se lancer en affaires, c\u2019est en Gasp\u00e9sie. Il y a tellement de choses \u00e0 faire! Et pas besoin de r\u00e9inventer la roue.\u2009\u00bb Il pr\u00e9cise toutefois que l\u2019entrepreneuriat n\u2019est pas fait pour tout le monde. C\u2019est exigeant et on doit beaucoup s\u2019investir. Il faut, selon lui, \u00ab\u2009un amour inconditionnel de ce que tu fais.\u2009\u00bb<\/p>\n<p>&nbsp;<\/p>\n<hr \/>\n<p><strong>\u00a0<\/strong><\/p>\n<p><strong>\u00c0 propos des propri\u00e9taires<\/strong><\/p>\n<p>Ren\u00e9 Leblanc, Adam Leblanc et Matthew O\u2019Reilly sont copropri\u00e9taires de Ford New Richmond depuis 2010. En 2016, Andr\u00e9 Leblanc se joint \u00e0 l\u2019\u00e9quipe. Il bonifie le volet v\u00e9hicules d\u2019occasion, puis devient actionnaire. Les quatre associ\u00e9s acqui\u00e8rent ensuite Ford New Richmond en 2018.<\/p>\n","protected":false},"excerpt":{"rendered":"<p>Copropri\u00e9taire de Subaru New Richmond depuis 2010, Ren\u00e9 Leblanc a aussi acquis Ford New Richmond avec Adam et Andr\u00e9 Leblanc (ses fr\u00e8res) et Matthew O\u2019Reilly en 2018. Ensemble, ils ont entrepris d\u2019importants travaux d\u2019agrandissement pour Subaru et la construction d\u2019un nouveau b\u00e2timent pour Ford. Rencontre avec Ren\u00e9 au sujet de ces entreprises, qui ont r\u00e9cemment [&hellip;]<\/p>\n","protected":false},"author":31,"featured_media":5636,"comment_status":"closed","ping_status":"closed","sticky":false,"template":"","format":"standard","meta":{"_acf_changed":false,"footnotes":""},"categories":[45],"tags":[],"class_list":["post-5635","post","type-post","status-publish","format-standard","has-post-thumbnail","hentry","category-non-classifiee"],"acf":[],"yoast_head":"<!-- This site is optimized with the Yoast SEO plugin v26.8 - https:\/\/yoast.com\/product\/yoast-seo-wordpress\/ -->\n<title>R\u00e9seau des SADC et CAE - Portrait d\u2019entreprise \u2013 Ford et Subaru New Richmond<\/title>\n<meta name=\"robots\" content=\"index, follow, max-snippet:-1, max-image-preview:large, max-video-preview:-1\" \/>\n<link rel=\"canonical\" href=\"https:\/\/www.sadc-cae.ca\/fr\/portrait-dentreprise-ford-et-subaru-new-richmond\/\" \/>\n<meta property=\"og:locale\" content=\"fr_FR\" \/>\n<meta property=\"og:type\" content=\"article\" \/>\n<meta property=\"og:title\" content=\"R\u00e9seau des SADC et CAE - Portrait d\u2019entreprise \u2013 Ford et Subaru New Richmond\" \/>\n<meta property=\"og:description\" content=\"Copropri\u00e9taire de Subaru New Richmond depuis 2010, Ren\u00e9 Leblanc a aussi acquis Ford New Richmond avec Adam et Andr\u00e9 Leblanc (ses fr\u00e8res) et Matthew O\u2019Reilly en 2018. Ensemble, ils ont entrepris d\u2019importants travaux d\u2019agrandissement pour Subaru et la construction d\u2019un nouveau b\u00e2timent pour Ford. Rencontre avec Ren\u00e9 au sujet de ces entreprises, qui ont r\u00e9cemment [&hellip;]\" \/>\n<meta property=\"og:url\" content=\"https:\/\/www.sadc-cae.ca\/fr\/portrait-dentreprise-ford-et-subaru-new-richmond\/\" \/>\n<meta property=\"og:site_name\" content=\"R\u00e9seau des SADC et CAE\" \/>\n<meta property=\"article:published_time\" content=\"2024-06-05T17:58:57+00:00\" \/>\n<meta property=\"article:modified_time\" content=\"2024-10-10T19:35:51+00:00\" \/>\n<meta property=\"og:image\" content=\"https:\/\/www.sadc-cae.ca\/wp-content\/uploads\/2024\/07\/DSC_3752-2048x1361_1.jpg\" \/>\n\t<meta property=\"og:image:width\" content=\"2048\" \/>\n\t<meta property=\"og:image:height\" content=\"1361\" \/>\n\t<meta property=\"og:image:type\" content=\"image\/jpeg\" \/>\n<meta name=\"author\" content=\"Lyne Lebrasseur\" \/>\n<meta name=\"twitter:card\" content=\"summary_large_image\" \/>\n<meta name=\"twitter:label1\" content=\"\u00c9crit par\" \/>\n\t<meta name=\"twitter:data1\" content=\"Lyne Lebrasseur\" \/>\n\t<meta name=\"twitter:label2\" content=\"Dur\u00e9e de lecture estim\u00e9e\" \/>\n\t<meta name=\"twitter:data2\" content=\"4 minutes\" \/>\n<script type=\"application\/ld+json\" class=\"yoast-schema-graph\">{\"@context\":\"https:\/\/schema.org\",\"@graph\":[{\"@type\":[\"Article\",\"BlogPosting\",\"NewsArticle\"],\"@id\":\"https:\/\/www.sadc-cae.ca\/fr\/portrait-dentreprise-ford-et-subaru-new-richmond\/#article\",\"isPartOf\":{\"@id\":\"https:\/\/www.sadc-cae.ca\/fr\/portrait-dentreprise-ford-et-subaru-new-richmond\/\"},\"author\":{\"name\":\"Lyne Lebrasseur\",\"@id\":\"https:\/\/www.sadc-cae.ca\/en\/#\/schema\/person\/6a20cdb3f6d2f35f36ae8947a2bb4c92\"},\"headline\":\"Portrait d\u2019entreprise \u2013 Ford et Subaru New Richmond\",\"datePublished\":\"2024-06-05T17:58:57+00:00\",\"dateModified\":\"2024-10-10T19:35:51+00:00\",\"mainEntityOfPage\":{\"@id\":\"https:\/\/www.sadc-cae.ca\/fr\/portrait-dentreprise-ford-et-subaru-new-richmond\/\"},\"wordCount\":735,\"publisher\":{\"@id\":\"https:\/\/www.sadc-cae.ca\/en\/#organization\"},\"image\":{\"@id\":\"https:\/\/www.sadc-cae.ca\/fr\/portrait-dentreprise-ford-et-subaru-new-richmond\/#primaryimage\"},\"thumbnailUrl\":\"https:\/\/www.sadc-cae.ca\/wp-content\/uploads\/2024\/07\/DSC_3752-2048x1361_1.jpg\",\"articleSection\":[\"Non classifi\u00e9(e)\"],\"inLanguage\":\"fr-FR\"},{\"@type\":\"WebPage\",\"@id\":\"https:\/\/www.sadc-cae.ca\/fr\/portrait-dentreprise-ford-et-subaru-new-richmond\/\",\"url\":\"https:\/\/www.sadc-cae.ca\/fr\/portrait-dentreprise-ford-et-subaru-new-richmond\/\",\"name\":\"R\u00e9seau des SADC et CAE - Portrait d\u2019entreprise \u2013 Ford et Subaru New Richmond\",\"isPartOf\":{\"@id\":\"https:\/\/www.sadc-cae.ca\/en\/#website\"},\"primaryImageOfPage\":{\"@id\":\"https:\/\/www.sadc-cae.ca\/fr\/portrait-dentreprise-ford-et-subaru-new-richmond\/#primaryimage\"},\"image\":{\"@id\":\"https:\/\/www.sadc-cae.ca\/fr\/portrait-dentreprise-ford-et-subaru-new-richmond\/#primaryimage\"},\"thumbnailUrl\":\"https:\/\/www.sadc-cae.ca\/wp-content\/uploads\/2024\/07\/DSC_3752-2048x1361_1.jpg\",\"datePublished\":\"2024-06-05T17:58:57+00:00\",\"dateModified\":\"2024-10-10T19:35:51+00:00\",\"breadcrumb\":{\"@id\":\"https:\/\/www.sadc-cae.ca\/fr\/portrait-dentreprise-ford-et-subaru-new-richmond\/#breadcrumb\"},\"inLanguage\":\"fr-FR\",\"potentialAction\":[{\"@type\":\"ReadAction\",\"target\":[\"https:\/\/www.sadc-cae.ca\/fr\/portrait-dentreprise-ford-et-subaru-new-richmond\/\"]}]},{\"@type\":\"ImageObject\",\"inLanguage\":\"fr-FR\",\"@id\":\"https:\/\/www.sadc-cae.ca\/fr\/portrait-dentreprise-ford-et-subaru-new-richmond\/#primaryimage\",\"url\":\"https:\/\/www.sadc-cae.ca\/wp-content\/uploads\/2024\/07\/DSC_3752-2048x1361_1.jpg\",\"contentUrl\":\"https:\/\/www.sadc-cae.ca\/wp-content\/uploads\/2024\/07\/DSC_3752-2048x1361_1.jpg\",\"width\":2048,\"height\":1361},{\"@type\":\"BreadcrumbList\",\"@id\":\"https:\/\/www.sadc-cae.ca\/fr\/portrait-dentreprise-ford-et-subaru-new-richmond\/#breadcrumb\",\"itemListElement\":[{\"@type\":\"ListItem\",\"position\":1,\"name\":\"Accueil\",\"item\":\"https:\/\/www.sadc-cae.ca\/fr\/\"},{\"@type\":\"ListItem\",\"position\":2,\"name\":\"Portrait d\u2019entreprise \u2013 Ford et Subaru New Richmond\"}]},{\"@type\":\"WebSite\",\"@id\":\"https:\/\/www.sadc-cae.ca\/en\/#website\",\"url\":\"https:\/\/www.sadc-cae.ca\/en\/\",\"name\":\"CAE Laprade Trois-Rivi\u00e8res\",\"description\":\"On soutient et finance vos projets locaux\",\"publisher\":{\"@id\":\"https:\/\/www.sadc-cae.ca\/en\/#organization\"},\"potentialAction\":[{\"@type\":\"SearchAction\",\"target\":{\"@type\":\"EntryPoint\",\"urlTemplate\":\"https:\/\/www.sadc-cae.ca\/en\/?s={search_term_string}\"},\"query-input\":{\"@type\":\"PropertyValueSpecification\",\"valueRequired\":true,\"valueName\":\"search_term_string\"}}],\"inLanguage\":\"fr-FR\"},{\"@type\":\"Organization\",\"@id\":\"https:\/\/www.sadc-cae.ca\/en\/#organization\",\"name\":\"CAE Laprade Trois-Rivi\u00e8res Inc.\",\"url\":\"https:\/\/www.sadc-cae.ca\/en\/\",\"logo\":{\"@type\":\"ImageObject\",\"inLanguage\":\"fr-FR\",\"@id\":\"https:\/\/www.sadc-cae.ca\/en\/#\/schema\/logo\/image\/\",\"url\":\"https:\/\/www.sadc-cae.ca\/wp-content\/uploads\/2024\/09\/SADC_Facebook_PhotoProfil.jpg\",\"contentUrl\":\"https:\/\/www.sadc-cae.ca\/wp-content\/uploads\/2024\/09\/SADC_Facebook_PhotoProfil.jpg\",\"width\":640,\"height\":640,\"caption\":\"CAE Laprade Trois-Rivi\u00e8res Inc.\"},\"image\":{\"@id\":\"https:\/\/www.sadc-cae.ca\/en\/#\/schema\/logo\/image\/\"}},{\"@type\":\"Person\",\"@id\":\"https:\/\/www.sadc-cae.ca\/en\/#\/schema\/person\/6a20cdb3f6d2f35f36ae8947a2bb4c92\",\"name\":\"Lyne Lebrasseur\",\"image\":{\"@type\":\"ImageObject\",\"inLanguage\":\"fr-FR\",\"@id\":\"https:\/\/www.sadc-cae.ca\/en\/#\/schema\/person\/image\/\",\"url\":\"https:\/\/secure.gravatar.com\/avatar\/e149f86375018e519fe20fab341b312da89f194da1be93210ffb05b2765eb1cd?s=96&d=mm&r=g\",\"contentUrl\":\"https:\/\/secure.gravatar.com\/avatar\/e149f86375018e519fe20fab341b312da89f194da1be93210ffb05b2765eb1cd?s=96&d=mm&r=g\",\"caption\":\"Lyne Lebrasseur\"},\"url\":\"https:\/\/www.sadc-cae.ca\/fr\/author\/sadc_baie_des_chaleurs\/\"}]}<\/script>\n<!-- \/ Yoast SEO plugin. -->","yoast_head_json":{"title":"R\u00e9seau des SADC et CAE - Portrait d\u2019entreprise \u2013 Ford et Subaru New Richmond","robots":{"index":"index","follow":"follow","max-snippet":"max-snippet:-1","max-image-preview":"max-image-preview:large","max-video-preview":"max-video-preview:-1"},"canonical":"https:\/\/www.sadc-cae.ca\/fr\/portrait-dentreprise-ford-et-subaru-new-richmond\/","og_locale":"fr_FR","og_type":"article","og_title":"R\u00e9seau des SADC et CAE - Portrait d\u2019entreprise \u2013 Ford et Subaru New Richmond","og_description":"Copropri\u00e9taire de Subaru New Richmond depuis 2010, Ren\u00e9 Leblanc a aussi acquis Ford New Richmond avec Adam et Andr\u00e9 Leblanc (ses fr\u00e8res) et Matthew O\u2019Reilly en 2018. Ensemble, ils ont entrepris d\u2019importants travaux d\u2019agrandissement pour Subaru et la construction d\u2019un nouveau b\u00e2timent pour Ford. Rencontre avec Ren\u00e9 au sujet de ces entreprises, qui ont r\u00e9cemment [&hellip;]","og_url":"https:\/\/www.sadc-cae.ca\/fr\/portrait-dentreprise-ford-et-subaru-new-richmond\/","og_site_name":"R\u00e9seau des SADC et CAE","article_published_time":"2024-06-05T17:58:57+00:00","article_modified_time":"2024-10-10T19:35:51+00:00","og_image":[{"width":2048,"height":1361,"url":"https:\/\/www.sadc-cae.ca\/wp-content\/uploads\/2024\/07\/DSC_3752-2048x1361_1.jpg","type":"image\/jpeg"}],"author":"Lyne Lebrasseur","twitter_card":"summary_large_image","twitter_misc":{"\u00c9crit par":"Lyne Lebrasseur","Dur\u00e9e de lecture estim\u00e9e":"4 minutes"},"schema":{"@context":"https:\/\/schema.org","@graph":[{"@type":["Article","BlogPosting","NewsArticle"],"@id":"https:\/\/www.sadc-cae.ca\/fr\/portrait-dentreprise-ford-et-subaru-new-richmond\/#article","isPartOf":{"@id":"https:\/\/www.sadc-cae.ca\/fr\/portrait-dentreprise-ford-et-subaru-new-richmond\/"},"author":{"name":"Lyne Lebrasseur","@id":"https:\/\/www.sadc-cae.ca\/en\/#\/schema\/person\/6a20cdb3f6d2f35f36ae8947a2bb4c92"},"headline":"Portrait d\u2019entreprise \u2013 Ford et Subaru New Richmond","datePublished":"2024-06-05T17:58:57+00:00","dateModified":"2024-10-10T19:35:51+00:00","mainEntityOfPage":{"@id":"https:\/\/www.sadc-cae.ca\/fr\/portrait-dentreprise-ford-et-subaru-new-richmond\/"},"wordCount":735,"publisher":{"@id":"https:\/\/www.sadc-cae.ca\/en\/#organization"},"image":{"@id":"https:\/\/www.sadc-cae.ca\/fr\/portrait-dentreprise-ford-et-subaru-new-richmond\/#primaryimage"},"thumbnailUrl":"https:\/\/www.sadc-cae.ca\/wp-content\/uploads\/2024\/07\/DSC_3752-2048x1361_1.jpg","articleSection":["Non classifi\u00e9(e)"],"inLanguage":"fr-FR"},{"@type":"WebPage","@id":"https:\/\/www.sadc-cae.ca\/fr\/portrait-dentreprise-ford-et-subaru-new-richmond\/","url":"https:\/\/www.sadc-cae.ca\/fr\/portrait-dentreprise-ford-et-subaru-new-richmond\/","name":"R\u00e9seau des SADC et CAE - Portrait d\u2019entreprise \u2013 Ford et Subaru New Richmond","isPartOf":{"@id":"https:\/\/www.sadc-cae.ca\/en\/#website"},"primaryImageOfPage":{"@id":"https:\/\/www.sadc-cae.ca\/fr\/portrait-dentreprise-ford-et-subaru-new-richmond\/#primaryimage"},"image":{"@id":"https:\/\/www.sadc-cae.ca\/fr\/portrait-dentreprise-ford-et-subaru-new-richmond\/#primaryimage"},"thumbnailUrl":"https:\/\/www.sadc-cae.ca\/wp-content\/uploads\/2024\/07\/DSC_3752-2048x1361_1.jpg","datePublished":"2024-06-05T17:58:57+00:00","dateModified":"2024-10-10T19:35:51+00:00","breadcrumb":{"@id":"https:\/\/www.sadc-cae.ca\/fr\/portrait-dentreprise-ford-et-subaru-new-richmond\/#breadcrumb"},"inLanguage":"fr-FR","potentialAction":[{"@type":"ReadAction","target":["https:\/\/www.sadc-cae.ca\/fr\/portrait-dentreprise-ford-et-subaru-new-richmond\/"]}]},{"@type":"ImageObject","inLanguage":"fr-FR","@id":"https:\/\/www.sadc-cae.ca\/fr\/portrait-dentreprise-ford-et-subaru-new-richmond\/#primaryimage","url":"https:\/\/www.sadc-cae.ca\/wp-content\/uploads\/2024\/07\/DSC_3752-2048x1361_1.jpg","contentUrl":"https:\/\/www.sadc-cae.ca\/wp-content\/uploads\/2024\/07\/DSC_3752-2048x1361_1.jpg","width":2048,"height":1361},{"@type":"BreadcrumbList","@id":"https:\/\/www.sadc-cae.ca\/fr\/portrait-dentreprise-ford-et-subaru-new-richmond\/#breadcrumb","itemListElement":[{"@type":"ListItem","position":1,"name":"Accueil","item":"https:\/\/www.sadc-cae.ca\/fr\/"},{"@type":"ListItem","position":2,"name":"Portrait d\u2019entreprise \u2013 Ford et Subaru New Richmond"}]},{"@type":"WebSite","@id":"https:\/\/www.sadc-cae.ca\/en\/#website","url":"https:\/\/www.sadc-cae.ca\/en\/","name":"CAE Laprade Trois-Rivi\u00e8res","description":"On soutient et finance vos projets locaux","publisher":{"@id":"https:\/\/www.sadc-cae.ca\/en\/#organization"},"potentialAction":[{"@type":"SearchAction","target":{"@type":"EntryPoint","urlTemplate":"https:\/\/www.sadc-cae.ca\/en\/?s={search_term_string}"},"query-input":{"@type":"PropertyValueSpecification","valueRequired":true,"valueName":"search_term_string"}}],"inLanguage":"fr-FR"},{"@type":"Organization","@id":"https:\/\/www.sadc-cae.ca\/en\/#organization","name":"CAE Laprade Trois-Rivi\u00e8res Inc.","url":"https:\/\/www.sadc-cae.ca\/en\/","logo":{"@type":"ImageObject","inLanguage":"fr-FR","@id":"https:\/\/www.sadc-cae.ca\/en\/#\/schema\/logo\/image\/","url":"https:\/\/www.sadc-cae.ca\/wp-content\/uploads\/2024\/09\/SADC_Facebook_PhotoProfil.jpg","contentUrl":"https:\/\/www.sadc-cae.ca\/wp-content\/uploads\/2024\/09\/SADC_Facebook_PhotoProfil.jpg","width":640,"height":640,"caption":"CAE Laprade Trois-Rivi\u00e8res Inc."},"image":{"@id":"https:\/\/www.sadc-cae.ca\/en\/#\/schema\/logo\/image\/"}},{"@type":"Person","@id":"https:\/\/www.sadc-cae.ca\/en\/#\/schema\/person\/6a20cdb3f6d2f35f36ae8947a2bb4c92","name":"Lyne Lebrasseur","image":{"@type":"ImageObject","inLanguage":"fr-FR","@id":"https:\/\/www.sadc-cae.ca\/en\/#\/schema\/person\/image\/","url":"https:\/\/secure.gravatar.com\/avatar\/e149f86375018e519fe20fab341b312da89f194da1be93210ffb05b2765eb1cd?s=96&d=mm&r=g","contentUrl":"https:\/\/secure.gravatar.com\/avatar\/e149f86375018e519fe20fab341b312da89f194da1be93210ffb05b2765eb1cd?s=96&d=mm&r=g","caption":"Lyne Lebrasseur"},"url":"https:\/\/www.sadc-cae.ca\/fr\/author\/sadc_baie_des_chaleurs\/"}]}},"_links":{"self":[{"href":"https:\/\/www.sadc-cae.ca\/fr\/wp-json\/wp\/v2\/posts\/5635","targetHints":{"allow":["GET"]}}],"collection":[{"href":"https:\/\/www.sadc-cae.ca\/fr\/wp-json\/wp\/v2\/posts"}],"about":[{"href":"https:\/\/www.sadc-cae.ca\/fr\/wp-json\/wp\/v2\/types\/post"}],"author":[{"embeddable":true,"href":"https:\/\/www.sadc-cae.ca\/fr\/wp-json\/wp\/v2\/users\/31"}],"replies":[{"embeddable":true,"href":"https:\/\/www.sadc-cae.ca\/fr\/wp-json\/wp\/v2\/comments?post=5635"}],"version-history":[{"count":0,"href":"https:\/\/www.sadc-cae.ca\/fr\/wp-json\/wp\/v2\/posts\/5635\/revisions"}],"wp:featuredmedia":[{"embeddable":true,"href":"https:\/\/www.sadc-cae.ca\/fr\/wp-json\/wp\/v2\/media\/5636"}],"wp:attachment":[{"href":"https:\/\/www.sadc-cae.ca\/fr\/wp-json\/wp\/v2\/media?parent=5635"}],"wp:term":[{"taxonomy":"category","embeddable":true,"href":"https:\/\/www.sadc-cae.ca\/fr\/wp-json\/wp\/v2\/categories?post=5635"},{"taxonomy":"post_tag","embeddable":true,"href":"https:\/\/www.sadc-cae.ca\/fr\/wp-json\/wp\/v2\/tags?post=5635"}],"curies":[{"name":"wp","href":"https:\/\/api.w.org\/{rel}","templated":true}]}}