{"id":7200,"date":"2024-12-04T13:54:26","date_gmt":"2024-12-04T18:54:26","guid":{"rendered":"https:\/\/www.sadc-cae.ca\/?p=7200"},"modified":"2025-01-15T11:06:03","modified_gmt":"2025-01-15T16:06:03","slug":"un-nouveau-local-pour-les-saveurs-folles","status":"publish","type":"post","link":"https:\/\/www.sadc-cae.ca\/fr\/un-nouveau-local-pour-les-saveurs-folles\/","title":{"rendered":"Un nouveau local pour Les Saveurs folles"},"content":{"rendered":"<div dir=\"auto\">L\u2019\u00e9picerie fine Les Saveurs Folles a fait l\u2019inauguration de son tout nouveau local, maintenant situ\u00e9 au 57, av. Principale \u00e0 Rouyn-Noranda, le 27 juin dernier. La propri\u00e9taire, Katy Savard, a investi dans l\u2019am\u00e9lioration du commerce et de son image afin d\u2019y apporter une touche d\u2019\u00e9l\u00e9gance et de fonctionnalit\u00e9 pour rendre le travail fonctionnel et agr\u00e9able. Les Saveurs Folles, un endroit pour vivre une exp\u00e9rience de magasinage unique en son genre.<\/div>\n","protected":false},"excerpt":{"rendered":"<p>L\u2019\u00e9picerie fine Les Saveurs Folles a fait l\u2019inauguration de son tout nouveau local, maintenant situ\u00e9 au 57, av. Principale \u00e0 Rouyn-Noranda, le 27 juin dernier. La propri\u00e9taire, Katy Savard, a investi dans l\u2019am\u00e9lioration du commerce et de son image afin d\u2019y apporter une touche d\u2019\u00e9l\u00e9gance et de fonctionnalit\u00e9 pour rendre le travail fonctionnel et agr\u00e9able. [&hellip;]<\/p>\n","protected":false},"author":81,"featured_media":7474,"comment_status":"closed","ping_status":"closed","sticky":false,"template":"","format":"standard","meta":{"_acf_changed":false,"footnotes":""},"categories":[45],"tags":[],"class_list":["post-7200","post","type-post","status-publish","format-standard","has-post-thumbnail","hentry","category-non-classifiee"],"acf":[],"yoast_head":"<!-- This site is optimized with the Yoast SEO plugin v26.8 - https:\/\/yoast.com\/product\/yoast-seo-wordpress\/ -->\n<title>R\u00e9seau des SADC et CAE - Un nouveau local pour Les Saveurs folles<\/title>\n<meta name=\"robots\" content=\"index, follow, max-snippet:-1, max-image-preview:large, max-video-preview:-1\" \/>\n<link rel=\"canonical\" href=\"https:\/\/www.sadc-cae.ca\/fr\/un-nouveau-local-pour-les-saveurs-folles\/\" \/>\n<meta property=\"og:locale\" content=\"fr_FR\" \/>\n<meta property=\"og:type\" content=\"article\" \/>\n<meta property=\"og:title\" content=\"R\u00e9seau des SADC et CAE - Un nouveau local pour Les Saveurs folles\" \/>\n<meta property=\"og:description\" content=\"L\u2019\u00e9picerie fine Les Saveurs Folles a fait l\u2019inauguration de son tout nouveau local, maintenant situ\u00e9 au 57, av. Principale \u00e0 Rouyn-Noranda, le 27 juin dernier. La propri\u00e9taire, Katy Savard, a investi dans l\u2019am\u00e9lioration du commerce et de son image afin d\u2019y apporter une touche d\u2019\u00e9l\u00e9gance et de fonctionnalit\u00e9 pour rendre le travail fonctionnel et agr\u00e9able. [&hellip;]\" \/>\n<meta property=\"og:url\" content=\"https:\/\/www.sadc-cae.ca\/fr\/un-nouveau-local-pour-les-saveurs-folles\/\" \/>\n<meta property=\"og:site_name\" content=\"R\u00e9seau des SADC et CAE\" \/>\n<meta property=\"article:published_time\" content=\"2024-12-04T18:54:26+00:00\" \/>\n<meta property=\"article:modified_time\" content=\"2025-01-15T16:06:03+00:00\" \/>\n<meta property=\"og:image\" content=\"https:\/\/www.sadc-cae.ca\/wp-content\/uploads\/2024\/12\/Capture-decran-2025-01-15-110333-1.png\" \/>\n\t<meta property=\"og:image:width\" content=\"1904\" \/>\n\t<meta property=\"og:image:height\" content=\"1004\" \/>\n\t<meta property=\"og:image:type\" content=\"image\/png\" \/>\n<meta name=\"author\" content=\"Jocelyn L\u00e9vesque\" \/>\n<meta name=\"twitter:card\" content=\"summary_large_image\" \/>\n<meta name=\"twitter:label1\" content=\"\u00c9crit par\" \/>\n\t<meta name=\"twitter:data1\" content=\"Jocelyn L\u00e9vesque\" \/>\n\t<meta name=\"twitter:label2\" content=\"Dur\u00e9e de lecture estim\u00e9e\" \/>\n\t<meta name=\"twitter:data2\" content=\"1 minute\" \/>\n<script type=\"application\/ld+json\" class=\"yoast-schema-graph\">{\"@context\":\"https:\/\/schema.org\",\"@graph\":[{\"@type\":[\"Article\",\"BlogPosting\",\"NewsArticle\"],\"@id\":\"https:\/\/www.sadc-cae.ca\/fr\/un-nouveau-local-pour-les-saveurs-folles\/#article\",\"isPartOf\":{\"@id\":\"https:\/\/www.sadc-cae.ca\/fr\/un-nouveau-local-pour-les-saveurs-folles\/\"},\"author\":{\"name\":\"Jocelyn L\u00e9vesque\",\"@id\":\"https:\/\/www.sadc-cae.ca\/en\/#\/schema\/person\/f65e17c2754bbac91c7b4af0d07fcd41\"},\"headline\":\"Un nouveau local pour Les Saveurs folles\",\"datePublished\":\"2024-12-04T18:54:26+00:00\",\"dateModified\":\"2025-01-15T16:06:03+00:00\",\"mainEntityOfPage\":{\"@id\":\"https:\/\/www.sadc-cae.ca\/fr\/un-nouveau-local-pour-les-saveurs-folles\/\"},\"wordCount\":84,\"publisher\":{\"@id\":\"https:\/\/www.sadc-cae.ca\/en\/#organization\"},\"image\":{\"@id\":\"https:\/\/www.sadc-cae.ca\/fr\/un-nouveau-local-pour-les-saveurs-folles\/#primaryimage\"},\"thumbnailUrl\":\"https:\/\/www.sadc-cae.ca\/wp-content\/uploads\/2024\/12\/Capture-decran-2025-01-15-110333-1.png\",\"articleSection\":[\"Non classifi\u00e9(e)\"],\"inLanguage\":\"fr-FR\"},{\"@type\":\"WebPage\",\"@id\":\"https:\/\/www.sadc-cae.ca\/fr\/un-nouveau-local-pour-les-saveurs-folles\/\",\"url\":\"https:\/\/www.sadc-cae.ca\/fr\/un-nouveau-local-pour-les-saveurs-folles\/\",\"name\":\"R\u00e9seau des SADC et CAE - Un nouveau local pour Les Saveurs folles\",\"isPartOf\":{\"@id\":\"https:\/\/www.sadc-cae.ca\/en\/#website\"},\"primaryImageOfPage\":{\"@id\":\"https:\/\/www.sadc-cae.ca\/fr\/un-nouveau-local-pour-les-saveurs-folles\/#primaryimage\"},\"image\":{\"@id\":\"https:\/\/www.sadc-cae.ca\/fr\/un-nouveau-local-pour-les-saveurs-folles\/#primaryimage\"},\"thumbnailUrl\":\"https:\/\/www.sadc-cae.ca\/wp-content\/uploads\/2024\/12\/Capture-decran-2025-01-15-110333-1.png\",\"datePublished\":\"2024-12-04T18:54:26+00:00\",\"dateModified\":\"2025-01-15T16:06:03+00:00\",\"breadcrumb\":{\"@id\":\"https:\/\/www.sadc-cae.ca\/fr\/un-nouveau-local-pour-les-saveurs-folles\/#breadcrumb\"},\"inLanguage\":\"fr-FR\",\"potentialAction\":[{\"@type\":\"ReadAction\",\"target\":[\"https:\/\/www.sadc-cae.ca\/fr\/un-nouveau-local-pour-les-saveurs-folles\/\"]}]},{\"@type\":\"ImageObject\",\"inLanguage\":\"fr-FR\",\"@id\":\"https:\/\/www.sadc-cae.ca\/fr\/un-nouveau-local-pour-les-saveurs-folles\/#primaryimage\",\"url\":\"https:\/\/www.sadc-cae.ca\/wp-content\/uploads\/2024\/12\/Capture-decran-2025-01-15-110333-1.png\",\"contentUrl\":\"https:\/\/www.sadc-cae.ca\/wp-content\/uploads\/2024\/12\/Capture-decran-2025-01-15-110333-1.png\",\"width\":1904,\"height\":1004},{\"@type\":\"BreadcrumbList\",\"@id\":\"https:\/\/www.sadc-cae.ca\/fr\/un-nouveau-local-pour-les-saveurs-folles\/#breadcrumb\",\"itemListElement\":[{\"@type\":\"ListItem\",\"position\":1,\"name\":\"Accueil\",\"item\":\"https:\/\/www.sadc-cae.ca\/fr\/\"},{\"@type\":\"ListItem\",\"position\":2,\"name\":\"Un nouveau local pour Les Saveurs folles\"}]},{\"@type\":\"WebSite\",\"@id\":\"https:\/\/www.sadc-cae.ca\/en\/#website\",\"url\":\"https:\/\/www.sadc-cae.ca\/en\/\",\"name\":\"CAE Laprade Trois-Rivi\u00e8res\",\"description\":\"On soutient et finance vos projets locaux\",\"publisher\":{\"@id\":\"https:\/\/www.sadc-cae.ca\/en\/#organization\"},\"potentialAction\":[{\"@type\":\"SearchAction\",\"target\":{\"@type\":\"EntryPoint\",\"urlTemplate\":\"https:\/\/www.sadc-cae.ca\/en\/?s={search_term_string}\"},\"query-input\":{\"@type\":\"PropertyValueSpecification\",\"valueRequired\":true,\"valueName\":\"search_term_string\"}}],\"inLanguage\":\"fr-FR\"},{\"@type\":\"Organization\",\"@id\":\"https:\/\/www.sadc-cae.ca\/en\/#organization\",\"name\":\"CAE Laprade Trois-Rivi\u00e8res Inc.\",\"url\":\"https:\/\/www.sadc-cae.ca\/en\/\",\"logo\":{\"@type\":\"ImageObject\",\"inLanguage\":\"fr-FR\",\"@id\":\"https:\/\/www.sadc-cae.ca\/en\/#\/schema\/logo\/image\/\",\"url\":\"https:\/\/www.sadc-cae.ca\/wp-content\/uploads\/2024\/09\/SADC_Facebook_PhotoProfil.jpg\",\"contentUrl\":\"https:\/\/www.sadc-cae.ca\/wp-content\/uploads\/2024\/09\/SADC_Facebook_PhotoProfil.jpg\",\"width\":640,\"height\":640,\"caption\":\"CAE Laprade Trois-Rivi\u00e8res Inc.\"},\"image\":{\"@id\":\"https:\/\/www.sadc-cae.ca\/en\/#\/schema\/logo\/image\/\"}},{\"@type\":\"Person\",\"@id\":\"https:\/\/www.sadc-cae.ca\/en\/#\/schema\/person\/f65e17c2754bbac91c7b4af0d07fcd41\",\"name\":\"Jocelyn L\u00e9vesque\",\"image\":{\"@type\":\"ImageObject\",\"inLanguage\":\"fr-FR\",\"@id\":\"https:\/\/www.sadc-cae.ca\/en\/#\/schema\/person\/image\/\",\"url\":\"https:\/\/secure.gravatar.com\/avatar\/8b4d48350de166fd42518df3e445292f374ce16397d872b6e859c8f92d884500?s=96&d=mm&r=g\",\"contentUrl\":\"https:\/\/secure.gravatar.com\/avatar\/8b4d48350de166fd42518df3e445292f374ce16397d872b6e859c8f92d884500?s=96&d=mm&r=g\",\"caption\":\"Jocelyn L\u00e9vesque\"},\"url\":\"https:\/\/www.sadc-cae.ca\/fr\/author\/sadc_rouyn_noranda\/\"}]}<\/script>\n<!-- \/ Yoast SEO plugin. -->","yoast_head_json":{"title":"R\u00e9seau des SADC et CAE - Un nouveau local pour Les Saveurs folles","robots":{"index":"index","follow":"follow","max-snippet":"max-snippet:-1","max-image-preview":"max-image-preview:large","max-video-preview":"max-video-preview:-1"},"canonical":"https:\/\/www.sadc-cae.ca\/fr\/un-nouveau-local-pour-les-saveurs-folles\/","og_locale":"fr_FR","og_type":"article","og_title":"R\u00e9seau des SADC et CAE - Un nouveau local pour Les Saveurs folles","og_description":"L\u2019\u00e9picerie fine Les Saveurs Folles a fait l\u2019inauguration de son tout nouveau local, maintenant situ\u00e9 au 57, av. Principale \u00e0 Rouyn-Noranda, le 27 juin dernier. La propri\u00e9taire, Katy Savard, a investi dans l\u2019am\u00e9lioration du commerce et de son image afin d\u2019y apporter une touche d\u2019\u00e9l\u00e9gance et de fonctionnalit\u00e9 pour rendre le travail fonctionnel et agr\u00e9able. [&hellip;]","og_url":"https:\/\/www.sadc-cae.ca\/fr\/un-nouveau-local-pour-les-saveurs-folles\/","og_site_name":"R\u00e9seau des SADC et CAE","article_published_time":"2024-12-04T18:54:26+00:00","article_modified_time":"2025-01-15T16:06:03+00:00","og_image":[{"width":1904,"height":1004,"url":"https:\/\/www.sadc-cae.ca\/wp-content\/uploads\/2024\/12\/Capture-decran-2025-01-15-110333-1.png","type":"image\/png"}],"author":"Jocelyn L\u00e9vesque","twitter_card":"summary_large_image","twitter_misc":{"\u00c9crit par":"Jocelyn L\u00e9vesque","Dur\u00e9e de lecture estim\u00e9e":"1 minute"},"schema":{"@context":"https:\/\/schema.org","@graph":[{"@type":["Article","BlogPosting","NewsArticle"],"@id":"https:\/\/www.sadc-cae.ca\/fr\/un-nouveau-local-pour-les-saveurs-folles\/#article","isPartOf":{"@id":"https:\/\/www.sadc-cae.ca\/fr\/un-nouveau-local-pour-les-saveurs-folles\/"},"author":{"name":"Jocelyn L\u00e9vesque","@id":"https:\/\/www.sadc-cae.ca\/en\/#\/schema\/person\/f65e17c2754bbac91c7b4af0d07fcd41"},"headline":"Un nouveau local pour Les Saveurs folles","datePublished":"2024-12-04T18:54:26+00:00","dateModified":"2025-01-15T16:06:03+00:00","mainEntityOfPage":{"@id":"https:\/\/www.sadc-cae.ca\/fr\/un-nouveau-local-pour-les-saveurs-folles\/"},"wordCount":84,"publisher":{"@id":"https:\/\/www.sadc-cae.ca\/en\/#organization"},"image":{"@id":"https:\/\/www.sadc-cae.ca\/fr\/un-nouveau-local-pour-les-saveurs-folles\/#primaryimage"},"thumbnailUrl":"https:\/\/www.sadc-cae.ca\/wp-content\/uploads\/2024\/12\/Capture-decran-2025-01-15-110333-1.png","articleSection":["Non classifi\u00e9(e)"],"inLanguage":"fr-FR"},{"@type":"WebPage","@id":"https:\/\/www.sadc-cae.ca\/fr\/un-nouveau-local-pour-les-saveurs-folles\/","url":"https:\/\/www.sadc-cae.ca\/fr\/un-nouveau-local-pour-les-saveurs-folles\/","name":"R\u00e9seau des SADC et CAE - Un nouveau local pour Les Saveurs folles","isPartOf":{"@id":"https:\/\/www.sadc-cae.ca\/en\/#website"},"primaryImageOfPage":{"@id":"https:\/\/www.sadc-cae.ca\/fr\/un-nouveau-local-pour-les-saveurs-folles\/#primaryimage"},"image":{"@id":"https:\/\/www.sadc-cae.ca\/fr\/un-nouveau-local-pour-les-saveurs-folles\/#primaryimage"},"thumbnailUrl":"https:\/\/www.sadc-cae.ca\/wp-content\/uploads\/2024\/12\/Capture-decran-2025-01-15-110333-1.png","datePublished":"2024-12-04T18:54:26+00:00","dateModified":"2025-01-15T16:06:03+00:00","breadcrumb":{"@id":"https:\/\/www.sadc-cae.ca\/fr\/un-nouveau-local-pour-les-saveurs-folles\/#breadcrumb"},"inLanguage":"fr-FR","potentialAction":[{"@type":"ReadAction","target":["https:\/\/www.sadc-cae.ca\/fr\/un-nouveau-local-pour-les-saveurs-folles\/"]}]},{"@type":"ImageObject","inLanguage":"fr-FR","@id":"https:\/\/www.sadc-cae.ca\/fr\/un-nouveau-local-pour-les-saveurs-folles\/#primaryimage","url":"https:\/\/www.sadc-cae.ca\/wp-content\/uploads\/2024\/12\/Capture-decran-2025-01-15-110333-1.png","contentUrl":"https:\/\/www.sadc-cae.ca\/wp-content\/uploads\/2024\/12\/Capture-decran-2025-01-15-110333-1.png","width":1904,"height":1004},{"@type":"BreadcrumbList","@id":"https:\/\/www.sadc-cae.ca\/fr\/un-nouveau-local-pour-les-saveurs-folles\/#breadcrumb","itemListElement":[{"@type":"ListItem","position":1,"name":"Accueil","item":"https:\/\/www.sadc-cae.ca\/fr\/"},{"@type":"ListItem","position":2,"name":"Un nouveau local pour Les Saveurs folles"}]},{"@type":"WebSite","@id":"https:\/\/www.sadc-cae.ca\/en\/#website","url":"https:\/\/www.sadc-cae.ca\/en\/","name":"CAE Laprade Trois-Rivi\u00e8res","description":"On soutient et finance vos projets locaux","publisher":{"@id":"https:\/\/www.sadc-cae.ca\/en\/#organization"},"potentialAction":[{"@type":"SearchAction","target":{"@type":"EntryPoint","urlTemplate":"https:\/\/www.sadc-cae.ca\/en\/?s={search_term_string}"},"query-input":{"@type":"PropertyValueSpecification","valueRequired":true,"valueName":"search_term_string"}}],"inLanguage":"fr-FR"},{"@type":"Organization","@id":"https:\/\/www.sadc-cae.ca\/en\/#organization","name":"CAE Laprade Trois-Rivi\u00e8res Inc.","url":"https:\/\/www.sadc-cae.ca\/en\/","logo":{"@type":"ImageObject","inLanguage":"fr-FR","@id":"https:\/\/www.sadc-cae.ca\/en\/#\/schema\/logo\/image\/","url":"https:\/\/www.sadc-cae.ca\/wp-content\/uploads\/2024\/09\/SADC_Facebook_PhotoProfil.jpg","contentUrl":"https:\/\/www.sadc-cae.ca\/wp-content\/uploads\/2024\/09\/SADC_Facebook_PhotoProfil.jpg","width":640,"height":640,"caption":"CAE Laprade Trois-Rivi\u00e8res Inc."},"image":{"@id":"https:\/\/www.sadc-cae.ca\/en\/#\/schema\/logo\/image\/"}},{"@type":"Person","@id":"https:\/\/www.sadc-cae.ca\/en\/#\/schema\/person\/f65e17c2754bbac91c7b4af0d07fcd41","name":"Jocelyn L\u00e9vesque","image":{"@type":"ImageObject","inLanguage":"fr-FR","@id":"https:\/\/www.sadc-cae.ca\/en\/#\/schema\/person\/image\/","url":"https:\/\/secure.gravatar.com\/avatar\/8b4d48350de166fd42518df3e445292f374ce16397d872b6e859c8f92d884500?s=96&d=mm&r=g","contentUrl":"https:\/\/secure.gravatar.com\/avatar\/8b4d48350de166fd42518df3e445292f374ce16397d872b6e859c8f92d884500?s=96&d=mm&r=g","caption":"Jocelyn L\u00e9vesque"},"url":"https:\/\/www.sadc-cae.ca\/fr\/author\/sadc_rouyn_noranda\/"}]}},"_links":{"self":[{"href":"https:\/\/www.sadc-cae.ca\/fr\/wp-json\/wp\/v2\/posts\/7200","targetHints":{"allow":["GET"]}}],"collection":[{"href":"https:\/\/www.sadc-cae.ca\/fr\/wp-json\/wp\/v2\/posts"}],"about":[{"href":"https:\/\/www.sadc-cae.ca\/fr\/wp-json\/wp\/v2\/types\/post"}],"author":[{"embeddable":true,"href":"https:\/\/www.sadc-cae.ca\/fr\/wp-json\/wp\/v2\/users\/81"}],"replies":[{"embeddable":true,"href":"https:\/\/www.sadc-cae.ca\/fr\/wp-json\/wp\/v2\/comments?post=7200"}],"version-history":[{"count":0,"href":"https:\/\/www.sadc-cae.ca\/fr\/wp-json\/wp\/v2\/posts\/7200\/revisions"}],"wp:featuredmedia":[{"embeddable":true,"href":"https:\/\/www.sadc-cae.ca\/fr\/wp-json\/wp\/v2\/media\/7474"}],"wp:attachment":[{"href":"https:\/\/www.sadc-cae.ca\/fr\/wp-json\/wp\/v2\/media?parent=7200"}],"wp:term":[{"taxonomy":"category","embeddable":true,"href":"https:\/\/www.sadc-cae.ca\/fr\/wp-json\/wp\/v2\/categories?post=7200"},{"taxonomy":"post_tag","embeddable":true,"href":"https:\/\/www.sadc-cae.ca\/fr\/wp-json\/wp\/v2\/tags?post=7200"}],"curies":[{"name":"wp","href":"https:\/\/api.w.org\/{rel}","templated":true}]}}