{"id":7296,"date":"2025-04-09T10:59:43","date_gmt":"2025-04-09T14:59:43","guid":{"rendered":"https:\/\/www.sadc-cae.ca\/?p=7296"},"modified":"2025-04-09T10:59:43","modified_gmt":"2025-04-09T14:59:43","slug":"garage-sinnett-histoire-dune-releve-dentreprise","status":"publish","type":"post","link":"https:\/\/www.sadc-cae.ca\/fr\/garage-sinnett-histoire-dune-releve-dentreprise\/","title":{"rendered":"Garage Sinnett \u2013 Histoire d\u2019une rel\u00e8ve d\u2019entreprise"},"content":{"rendered":"<p>En pleine pand\u00e9mie de la COVID-19 et \u00e0 peine \u00e2g\u00e9 de 25\u00a0ans, Mathieu Sinnett \u00e9tait loin de se douter qu\u2019il allait bient\u00f4t entamer des d\u00e9marches de rel\u00e8ve d\u2019entreprise. Rencontre avec ce jeune entrepreneur natif de Saint-Sim\u00e9on qui a os\u00e9 faire le saut dans l\u2019entrepreneuriat en reprenant le garage de M.\u00a0Yvan Landry.<\/p>\n<p>&nbsp;<\/p>\n<p><strong>L\u2019entreprise, en bref<\/strong><\/p>\n<p>Anciennement connu sous le nom de Garage Yvan Landry, le Garage Sinnett offre des services d\u2019entretien, de r\u00e9paration et de diagnostic automobiles. L\u2019entreprise situ\u00e9e \u00e0 Nouvelle s\u2019est d\u2019ailleurs fait un nom dans les derni\u00e8res ann\u00e9es dans le diagnostic des nouveaux v\u00e9hicules, ce qui implique une expertise et des outils sp\u00e9cifiques\u00a0: \u00ab\u2009En moyenne, il y a 30 \u00e0 40\u00a0ordinateurs dans un v\u00e9hicule aujourd\u2019hui. Le garage poss\u00e8de plusieurs outils pour se connecter sur les v\u00e9hicules et voir \u00e9lectroniquement ce qui se passe\u2009\u00bb, explique le jeune entrepreneur.<\/p>\n<p><strong>\u00a0<\/strong><\/p>\n<p><strong>Comment s\u2019est pr\u00e9sent\u00e9e \u00e0 vous cette opportunit\u00e9 de rel\u00e8ve d\u2019entreprise\u2009? Quelle est VOTRE histoire de rel\u00e8ve\u2009? <\/strong><\/p>\n<p>L\u2019histoire de Mathieu Sinnett en est d\u2019abord une de d\u00e9couverte d\u2019une passion. Apr\u00e8s ses \u00e9tudes coll\u00e9giales, Mathieu se retrouve \u00e0 un moment o\u00f9 il se questionne sur son avenir. Puis, il d\u00e9couvre la m\u00e9canique automobile\u00a0: \u00ab\u2009Dans mes temps libres, c\u2019est tout ce que je faisais. J\u2019ai d\u00e9cid\u00e9 que tant qu\u2019\u00e0 avoir quelque chose que j\u2019aime autant, de virer \u00e7a en travail\u2009\u00bb, se rem\u00e9more-t-il. Il entreprend alors une formation professionnelle en m\u00e9canique automobile, ce qui lui permettra de d\u00e9crocher son premier emploi de m\u00e9canicien.<\/p>\n<p>Puis, vient un moment o\u00f9 l\u2019id\u00e9e d\u2019avoir son propre garage fait son chemin. Cependant, comme il ne vient pas d\u2019une famille d\u2019entrepreneurs, il doute de ses capacit\u00e9s \u00e0 se lancer en affaires\u00a0: \u00ab\u2009Dans ma t\u00eate, je voyais \u00e7a tr\u00e8s loin. Je consid\u00e9rais que je n\u2019avais pas assez d\u2019exp\u00e9rience pour avoir une entreprise. Je voyais \u00e7a comme une grosse montagne et je ne savais pas par o\u00f9 commencer\u2009\u00bb. Il prend alors une d\u00e9cision qui changera son parcours entrepreneurial\u00a0: il s\u2019inscrit au cours de d\u00e9marrage d\u2019entreprise offert par le centre de formation professionnelle l\u2019Envol de Carleton-sur-Mer. \u00ab\u2009Le cours m\u2019a vraiment aid\u00e9 parce qu\u2019il m\u2019a permis de voir que c\u2019\u00e9tait r\u00e9alisable\u2009\u00bb, explique-t-il. \u00ab\u2009Quand j\u2019ai fini mon cours, c\u2019\u00e9tait clair que je voulais d\u00e9marrer mon entreprise, je ne savais juste pas quand\u2009\u00bb.<\/p>\n<p>\u00c0 ce moment, Mathieu ne sait pas que le garage d\u2019Yvan Landry est \u00e0 vendre. Reprendre une entreprise existante lui semble alors improbable : \u00ab\u2009Je pensais que j\u2019allais acheter une b\u00e2tisse vide et partir de z\u00e9ro. Pour moi, c\u2019\u00e9tait la seule fa\u00e7on de faire. Dans ma t\u00eate, une entreprise, \u00e7a ne se vendait pas\u2009\u00bb, explique-t-il. Il est alors agr\u00e9ablement surpris d\u2019apprendre \u00e0 l\u2019\u00e9t\u00e9\u00a02020 que le garage de M.\u00a0Landry est \u00e0 vendre. Sur un coup de t\u00eate, il d\u00e9cide de prendre son courage \u00e0 deux mains et de se pr\u00e9senter en personne au garage de M.\u00a0Landry. \u00ab\u2009Yvan, les deux bras lui ont tomb\u00e9 \u00e0 terre!\u2009\u00bb, raconte-t-il en riant. \u00ab\u2009Avec les acheteurs pr\u00e9c\u00e9dents, \u00e7a n\u2019avait pas fonctionn\u00e9. Il s\u2019\u00e9tait fait \u00e0 l\u2019id\u00e9e qu\u2019il ne serait pas capable de vendre\u2009\u00bb. La semaine suivante, Mathieu le rencontre \u00e0 nouveau et c\u2019est \u00e0 ce moment que les d\u00e9marches de transfert d\u2019entreprise d\u00e9butent.<\/p>\n<p>&nbsp;<\/p>\n<p><strong>En quoi votre entreprise se d\u00e9marque-t-elle particuli\u00e8rement\u2009? <\/strong><\/p>\n<p>Si \u00e0 une certaine \u00e9poque, Mathieu voyait son jeune \u00e2ge comme un manque d\u2019exp\u00e9rience, il le voit aujourd\u2019hui comme une force\u00a0: \u00ab\u2009On est une jeune \u00e9quipe. On est chanceux, on est plus \u00e0 l\u2019aise avec la technologie, on a grandi l\u00e0-dedans\u2009\u00bb. L\u2019entreprise a d\u2019ailleurs entrepris un important virage jeunesse au cours de la derni\u00e8re ann\u00e9e, avec l\u2019adoption d\u2019un nouveau logo, la refonte de la fa\u00e7ade du b\u00e2timent, la confection de marchandises promotionnelles (casquettes, tuques, chandails) et la cr\u00e9ation d\u2019une page d\u2019entreprise sur Facebook. Un fait d\u2019armes dans son secteur d\u2019activit\u00e9s o\u00f9 plusieurs n\u2019ont toujours pas entrepris de virage : \u00ab\u2009Par exemple, pour ce qui est des garages, il n\u2019y a pas grand-chose sur les m\u00e9dias sociaux\u2009\u00bb, t\u00e9moigne-t-il.<\/p>\n<p>Pour l\u2019entrepreneur, il \u00e9tait \u00e9galement extr\u00eamement important de conserver l\u2019excellent service \u00e0 la client\u00e8le qu\u2019avait mis en place M.\u00a0Landry\u00a0: \u00ab\u2009Yvan \u00e9tait tr\u00e8s ax\u00e9 sur le service \u00e0 la client\u00e8le. Il \u00e9tait terriblement serviable. Tu avais une urgence, il \u00e9tait l\u00e0 pour aider. Il aimait les gens et il prenait chaque personne \u00e0 part\u2009\u00bb. Dans son processus de transfert d\u2019entreprise, Mathieu a alors tout fait afin de conserver ce m\u00eame niveau de service \u00e0 la client\u00e8le, qui fait la renomm\u00e9e de l\u2019entreprise depuis des ann\u00e9es\u00a0: \u00ab\u2009J\u2019ai travaill\u00e9 de novembre 2021 \u00e0 juillet 2022 avec Yvan et quand je suis devenu propri\u00e9taire \u00e0 l\u2019\u00e9t\u00e9, il est rest\u00e9 comme employ\u00e9 pendant un an. C\u2019est quelque chose qui m\u2019a tellement aid\u00e9. Les gens n\u2019ont pas vu de diff\u00e9rence parce qu\u2019ils me voyaient avec Yvan depuis plus d\u2019un an. On a vraiment tout fait pour faciliter la transition pour les clients. [\u2026] Au moins 90\u00a0% de la client\u00e8le est rest\u00e9e\u2009\u00bb, explique-t-il fi\u00e8rement.<\/p>\n<p>&nbsp;<\/p>\n<p><strong>Comment souhaitez-vous faire \u00e9voluer votre entreprise dans les prochaines ann\u00e9es\u2009? \u00a0<\/strong><\/p>\n<p>Pour les prochaines ann\u00e9es, le principal d\u00e9fi de l\u2019entreprise est de rester \u00e0 jour dans un secteur o\u00f9 les changements technologiques se sont acc\u00e9l\u00e9r\u00e9s : \u00ab\u2009Quand j\u2019ai rachet\u00e9 le garage en 2022, je l\u2019ai mis \u00e0 jour. Mais de 2022 \u00e0 maintenant, il y a d\u00e9j\u00e0 des choses qui ont chang\u00e9. C\u2019est une t\u00e2che quotidienne de rester \u00e0 jour dans ce secteur\u2009\u00bb, explique-t-il. Par exemple, Mathieu Sinnett aimerait pouvoir offrir d\u2019ici les prochaines ann\u00e9es une expertise en lien avec les voitures \u00e9lectriques qui gagnent en popularit\u00e9.<\/p>\n<p><strong>\u00a0<\/strong><\/p>\n<p><strong>Qu\u2019est-ce que le soutien de la SADC vous a apport\u00e9 dans votre projet de rel\u00e8ve\u2009?<\/strong><\/p>\n<p>Mathieu a obtenu de l\u2019aide financi\u00e8re de la SADC gr\u00e2ce au Fonds Strat\u00e9gie jeunesse, ce qui lui a permis de b\u00e9n\u00e9ficier d\u2019un cong\u00e9 d\u2019int\u00e9r\u00eat d\u2019une dur\u00e9e de 24\u00a0mois et de compl\u00e9ter le financement n\u00e9cessaire \u00e0 l\u2019achat du garage. Il a d\u00e9couvert la SADC par le biais de l\u2019accompagnement de la MRC Avignon\u00a0: \u00ab\u2009Dans un projet d\u2019entreprise, tu as besoin g\u00e9n\u00e9ralement de plusieurs partenaires financiers. La SADC, comme partenaire financier dans mon projet, offre un service sans lequel je n\u2019aurais pas pu voir mon projet aboutir\u2009\u00bb.<\/p>\n<p><strong>\u00a0<\/strong><\/p>\n<p><strong>Quels apprentissages avez-vous faits dans votre processus de rel\u00e8ve d\u2019entreprise\u2009? Quels conseils aimeriez-vous donner \u00e0 une personne qui souhaite se lancer dans un projet de rel\u00e8ve\u2009? <\/strong><\/p>\n<p>Mathieu se rappelle le moment o\u00f9 il h\u00e9sitait encore \u00e0 se lancer en affaires, parce qu\u2019il attendait le moment parfait. Il souhaite inspirer d\u2019autres jeunes \u00e0 prendre des initiatives, plut\u00f4t qu\u2019attendre que le projet id\u00e9al arrive \u00e0 eux\u00a0: \u00ab\u2009Si tu n\u2019es pas rendu \u00e0 ton point C dans ton plan d\u2019affaires, entre ton point A et ton point C, tu peux te cr\u00e9er un point B. Il y a toujours quelque chose que tu peux faire pour mieux te pr\u00e9parer, en attendant\u2009\u00bb. Un excellent conseil pour les jeunes qui esp\u00e8rent un jour avoir leur propre entreprise, mais qui sont frein\u00e9s par l\u2019ampleur du d\u00e9fi.<\/p>\n<p>&nbsp;<\/p>\n<p>&#8212;<\/p>\n<p><strong>\u00c0 propos de Mathieu Sinnett<\/strong><\/p>\n<p>Mathieu Sinnett est propri\u00e9taire depuis juillet 2022 du Garage Sinnett, situ\u00e9 \u00e0 Nouvelle. En 2020, il a fait la rencontre de M.\u00a0Yvan Landry, rencontre qui l\u2019a conduit \u00e0 prendre la rel\u00e8ve du garage.<\/p>\n","protected":false},"excerpt":{"rendered":"<p>En pleine pand\u00e9mie de la COVID-19 et \u00e0 peine \u00e2g\u00e9 de 25\u00a0ans, Mathieu Sinnett \u00e9tait loin de se douter qu\u2019il allait bient\u00f4t entamer des d\u00e9marches de rel\u00e8ve d\u2019entreprise. Rencontre avec ce jeune entrepreneur natif de Saint-Sim\u00e9on qui a os\u00e9 faire le saut dans l\u2019entrepreneuriat en reprenant le garage de M.\u00a0Yvan Landry. &nbsp; L\u2019entreprise, en bref [&hellip;]<\/p>\n","protected":false},"author":31,"featured_media":7297,"comment_status":"closed","ping_status":"closed","sticky":false,"template":"","format":"standard","meta":{"_acf_changed":false,"footnotes":""},"categories":[45],"tags":[],"class_list":["post-7296","post","type-post","status-publish","format-standard","has-post-thumbnail","hentry","category-non-classifiee"],"acf":[],"yoast_head":"<!-- This site is optimized with the Yoast SEO plugin v26.8 - https:\/\/yoast.com\/product\/yoast-seo-wordpress\/ -->\n<title>R\u00e9seau des SADC et CAE - Garage Sinnett \u2013 Histoire d\u2019une rel\u00e8ve d\u2019entreprise<\/title>\n<meta name=\"description\" content=\"En pleine pand\u00e9mie de la COVID-19 et \u00e0 peine \u00e2g\u00e9 de 25\u00a0ans, Mathieu Sinnett \u00e9tait loin de se douter qu\u2019il allait bient\u00f4t entamer des d\u00e9marches de rel\u00e8ve d\u2019entreprise. Rencontre avec ce jeune entrepreneur natif de Saint-Sim\u00e9on qui a os\u00e9 faire le saut dans l\u2019entrepreneuriat en reprenant le garage de M.\u00a0Yvan Landry.\" \/>\n<meta name=\"robots\" content=\"index, follow, max-snippet:-1, max-image-preview:large, max-video-preview:-1\" \/>\n<link rel=\"canonical\" href=\"https:\/\/www.sadc-cae.ca\/fr\/garage-sinnett-histoire-dune-releve-dentreprise\/\" \/>\n<meta property=\"og:locale\" content=\"fr_FR\" \/>\n<meta property=\"og:type\" content=\"article\" \/>\n<meta property=\"og:title\" content=\"R\u00e9seau des SADC et CAE - Garage Sinnett \u2013 Histoire d\u2019une rel\u00e8ve d\u2019entreprise\" \/>\n<meta property=\"og:description\" content=\"En pleine pand\u00e9mie de la COVID-19 et \u00e0 peine \u00e2g\u00e9 de 25\u00a0ans, Mathieu Sinnett \u00e9tait loin de se douter qu\u2019il allait bient\u00f4t entamer des d\u00e9marches de rel\u00e8ve d\u2019entreprise. Rencontre avec ce jeune entrepreneur natif de Saint-Sim\u00e9on qui a os\u00e9 faire le saut dans l\u2019entrepreneuriat en reprenant le garage de M.\u00a0Yvan Landry.\" \/>\n<meta property=\"og:url\" content=\"https:\/\/www.sadc-cae.ca\/fr\/garage-sinnett-histoire-dune-releve-dentreprise\/\" \/>\n<meta property=\"og:site_name\" content=\"R\u00e9seau des SADC et CAE\" \/>\n<meta property=\"article:published_time\" content=\"2025-04-09T14:59:43+00:00\" \/>\n<meta property=\"og:image\" content=\"https:\/\/www.sadc-cae.ca\/wp-content\/uploads\/2024\/12\/DSC_2549-scaled.jpg\" \/>\n\t<meta property=\"og:image:width\" content=\"2560\" \/>\n\t<meta property=\"og:image:height\" content=\"1703\" \/>\n\t<meta property=\"og:image:type\" content=\"image\/jpeg\" \/>\n<meta name=\"author\" content=\"Lyne Lebrasseur\" \/>\n<meta name=\"twitter:card\" content=\"summary_large_image\" \/>\n<meta name=\"twitter:label1\" content=\"\u00c9crit par\" \/>\n\t<meta name=\"twitter:data1\" content=\"Lyne Lebrasseur\" \/>\n\t<meta name=\"twitter:label2\" content=\"Dur\u00e9e de lecture estim\u00e9e\" \/>\n\t<meta name=\"twitter:data2\" content=\"7 minutes\" \/>\n<script type=\"application\/ld+json\" class=\"yoast-schema-graph\">{\"@context\":\"https:\/\/schema.org\",\"@graph\":[{\"@type\":[\"Article\",\"BlogPosting\",\"NewsArticle\"],\"@id\":\"https:\/\/www.sadc-cae.ca\/fr\/garage-sinnett-histoire-dune-releve-dentreprise\/#article\",\"isPartOf\":{\"@id\":\"https:\/\/www.sadc-cae.ca\/fr\/garage-sinnett-histoire-dune-releve-dentreprise\/\"},\"author\":{\"name\":\"Lyne Lebrasseur\",\"@id\":\"https:\/\/www.sadc-cae.ca\/en\/#\/schema\/person\/6a20cdb3f6d2f35f36ae8947a2bb4c92\"},\"headline\":\"Garage Sinnett \u2013 Histoire d\u2019une rel\u00e8ve d\u2019entreprise\",\"datePublished\":\"2025-04-09T14:59:43+00:00\",\"mainEntityOfPage\":{\"@id\":\"https:\/\/www.sadc-cae.ca\/fr\/garage-sinnett-histoire-dune-releve-dentreprise\/\"},\"wordCount\":1329,\"publisher\":{\"@id\":\"https:\/\/www.sadc-cae.ca\/en\/#organization\"},\"image\":{\"@id\":\"https:\/\/www.sadc-cae.ca\/fr\/garage-sinnett-histoire-dune-releve-dentreprise\/#primaryimage\"},\"thumbnailUrl\":\"https:\/\/www.sadc-cae.ca\/wp-content\/uploads\/2024\/12\/DSC_2549-scaled.jpg\",\"articleSection\":[\"Non classifi\u00e9(e)\"],\"inLanguage\":\"fr-FR\"},{\"@type\":\"WebPage\",\"@id\":\"https:\/\/www.sadc-cae.ca\/fr\/garage-sinnett-histoire-dune-releve-dentreprise\/\",\"url\":\"https:\/\/www.sadc-cae.ca\/fr\/garage-sinnett-histoire-dune-releve-dentreprise\/\",\"name\":\"R\u00e9seau des SADC et CAE - Garage Sinnett \u2013 Histoire d\u2019une rel\u00e8ve d\u2019entreprise\",\"isPartOf\":{\"@id\":\"https:\/\/www.sadc-cae.ca\/en\/#website\"},\"primaryImageOfPage\":{\"@id\":\"https:\/\/www.sadc-cae.ca\/fr\/garage-sinnett-histoire-dune-releve-dentreprise\/#primaryimage\"},\"image\":{\"@id\":\"https:\/\/www.sadc-cae.ca\/fr\/garage-sinnett-histoire-dune-releve-dentreprise\/#primaryimage\"},\"thumbnailUrl\":\"https:\/\/www.sadc-cae.ca\/wp-content\/uploads\/2024\/12\/DSC_2549-scaled.jpg\",\"datePublished\":\"2025-04-09T14:59:43+00:00\",\"description\":\"En pleine pand\u00e9mie de la COVID-19 et \u00e0 peine \u00e2g\u00e9 de 25\u00a0ans, Mathieu Sinnett \u00e9tait loin de se douter qu\u2019il allait bient\u00f4t entamer des d\u00e9marches de rel\u00e8ve d\u2019entreprise. Rencontre avec ce jeune entrepreneur natif de Saint-Sim\u00e9on qui a os\u00e9 faire le saut dans l\u2019entrepreneuriat en reprenant le garage de M.\u00a0Yvan Landry.\",\"breadcrumb\":{\"@id\":\"https:\/\/www.sadc-cae.ca\/fr\/garage-sinnett-histoire-dune-releve-dentreprise\/#breadcrumb\"},\"inLanguage\":\"fr-FR\",\"potentialAction\":[{\"@type\":\"ReadAction\",\"target\":[\"https:\/\/www.sadc-cae.ca\/fr\/garage-sinnett-histoire-dune-releve-dentreprise\/\"]}]},{\"@type\":\"ImageObject\",\"inLanguage\":\"fr-FR\",\"@id\":\"https:\/\/www.sadc-cae.ca\/fr\/garage-sinnett-histoire-dune-releve-dentreprise\/#primaryimage\",\"url\":\"https:\/\/www.sadc-cae.ca\/wp-content\/uploads\/2024\/12\/DSC_2549-scaled.jpg\",\"contentUrl\":\"https:\/\/www.sadc-cae.ca\/wp-content\/uploads\/2024\/12\/DSC_2549-scaled.jpg\",\"width\":2560,\"height\":1703},{\"@type\":\"BreadcrumbList\",\"@id\":\"https:\/\/www.sadc-cae.ca\/fr\/garage-sinnett-histoire-dune-releve-dentreprise\/#breadcrumb\",\"itemListElement\":[{\"@type\":\"ListItem\",\"position\":1,\"name\":\"Accueil\",\"item\":\"https:\/\/www.sadc-cae.ca\/fr\/\"},{\"@type\":\"ListItem\",\"position\":2,\"name\":\"Garage Sinnett \u2013 Histoire d\u2019une rel\u00e8ve d\u2019entreprise\"}]},{\"@type\":\"WebSite\",\"@id\":\"https:\/\/www.sadc-cae.ca\/en\/#website\",\"url\":\"https:\/\/www.sadc-cae.ca\/en\/\",\"name\":\"CAE Laprade Trois-Rivi\u00e8res\",\"description\":\"On soutient et finance vos projets locaux\",\"publisher\":{\"@id\":\"https:\/\/www.sadc-cae.ca\/en\/#organization\"},\"potentialAction\":[{\"@type\":\"SearchAction\",\"target\":{\"@type\":\"EntryPoint\",\"urlTemplate\":\"https:\/\/www.sadc-cae.ca\/en\/?s={search_term_string}\"},\"query-input\":{\"@type\":\"PropertyValueSpecification\",\"valueRequired\":true,\"valueName\":\"search_term_string\"}}],\"inLanguage\":\"fr-FR\"},{\"@type\":\"Organization\",\"@id\":\"https:\/\/www.sadc-cae.ca\/en\/#organization\",\"name\":\"CAE Laprade Trois-Rivi\u00e8res Inc.\",\"url\":\"https:\/\/www.sadc-cae.ca\/en\/\",\"logo\":{\"@type\":\"ImageObject\",\"inLanguage\":\"fr-FR\",\"@id\":\"https:\/\/www.sadc-cae.ca\/en\/#\/schema\/logo\/image\/\",\"url\":\"https:\/\/www.sadc-cae.ca\/wp-content\/uploads\/2024\/09\/SADC_Facebook_PhotoProfil.jpg\",\"contentUrl\":\"https:\/\/www.sadc-cae.ca\/wp-content\/uploads\/2024\/09\/SADC_Facebook_PhotoProfil.jpg\",\"width\":640,\"height\":640,\"caption\":\"CAE Laprade Trois-Rivi\u00e8res Inc.\"},\"image\":{\"@id\":\"https:\/\/www.sadc-cae.ca\/en\/#\/schema\/logo\/image\/\"}},{\"@type\":\"Person\",\"@id\":\"https:\/\/www.sadc-cae.ca\/en\/#\/schema\/person\/6a20cdb3f6d2f35f36ae8947a2bb4c92\",\"name\":\"Lyne Lebrasseur\",\"image\":{\"@type\":\"ImageObject\",\"inLanguage\":\"fr-FR\",\"@id\":\"https:\/\/www.sadc-cae.ca\/en\/#\/schema\/person\/image\/\",\"url\":\"https:\/\/secure.gravatar.com\/avatar\/e149f86375018e519fe20fab341b312da89f194da1be93210ffb05b2765eb1cd?s=96&d=mm&r=g\",\"contentUrl\":\"https:\/\/secure.gravatar.com\/avatar\/e149f86375018e519fe20fab341b312da89f194da1be93210ffb05b2765eb1cd?s=96&d=mm&r=g\",\"caption\":\"Lyne Lebrasseur\"},\"url\":\"https:\/\/www.sadc-cae.ca\/fr\/author\/sadc_baie_des_chaleurs\/\"}]}<\/script>\n<!-- \/ Yoast SEO plugin. -->","yoast_head_json":{"title":"R\u00e9seau des SADC et CAE - Garage Sinnett \u2013 Histoire d\u2019une rel\u00e8ve d\u2019entreprise","description":"En pleine pand\u00e9mie de la COVID-19 et \u00e0 peine \u00e2g\u00e9 de 25\u00a0ans, Mathieu Sinnett \u00e9tait loin de se douter qu\u2019il allait bient\u00f4t entamer des d\u00e9marches de rel\u00e8ve d\u2019entreprise. Rencontre avec ce jeune entrepreneur natif de Saint-Sim\u00e9on qui a os\u00e9 faire le saut dans l\u2019entrepreneuriat en reprenant le garage de M.\u00a0Yvan Landry.","robots":{"index":"index","follow":"follow","max-snippet":"max-snippet:-1","max-image-preview":"max-image-preview:large","max-video-preview":"max-video-preview:-1"},"canonical":"https:\/\/www.sadc-cae.ca\/fr\/garage-sinnett-histoire-dune-releve-dentreprise\/","og_locale":"fr_FR","og_type":"article","og_title":"R\u00e9seau des SADC et CAE - Garage Sinnett \u2013 Histoire d\u2019une rel\u00e8ve d\u2019entreprise","og_description":"En pleine pand\u00e9mie de la COVID-19 et \u00e0 peine \u00e2g\u00e9 de 25\u00a0ans, Mathieu Sinnett \u00e9tait loin de se douter qu\u2019il allait bient\u00f4t entamer des d\u00e9marches de rel\u00e8ve d\u2019entreprise. Rencontre avec ce jeune entrepreneur natif de Saint-Sim\u00e9on qui a os\u00e9 faire le saut dans l\u2019entrepreneuriat en reprenant le garage de M.\u00a0Yvan Landry.","og_url":"https:\/\/www.sadc-cae.ca\/fr\/garage-sinnett-histoire-dune-releve-dentreprise\/","og_site_name":"R\u00e9seau des SADC et CAE","article_published_time":"2025-04-09T14:59:43+00:00","og_image":[{"width":2560,"height":1703,"url":"https:\/\/www.sadc-cae.ca\/wp-content\/uploads\/2024\/12\/DSC_2549-scaled.jpg","type":"image\/jpeg"}],"author":"Lyne Lebrasseur","twitter_card":"summary_large_image","twitter_misc":{"\u00c9crit par":"Lyne Lebrasseur","Dur\u00e9e de lecture estim\u00e9e":"7 minutes"},"schema":{"@context":"https:\/\/schema.org","@graph":[{"@type":["Article","BlogPosting","NewsArticle"],"@id":"https:\/\/www.sadc-cae.ca\/fr\/garage-sinnett-histoire-dune-releve-dentreprise\/#article","isPartOf":{"@id":"https:\/\/www.sadc-cae.ca\/fr\/garage-sinnett-histoire-dune-releve-dentreprise\/"},"author":{"name":"Lyne Lebrasseur","@id":"https:\/\/www.sadc-cae.ca\/en\/#\/schema\/person\/6a20cdb3f6d2f35f36ae8947a2bb4c92"},"headline":"Garage Sinnett \u2013 Histoire d\u2019une rel\u00e8ve d\u2019entreprise","datePublished":"2025-04-09T14:59:43+00:00","mainEntityOfPage":{"@id":"https:\/\/www.sadc-cae.ca\/fr\/garage-sinnett-histoire-dune-releve-dentreprise\/"},"wordCount":1329,"publisher":{"@id":"https:\/\/www.sadc-cae.ca\/en\/#organization"},"image":{"@id":"https:\/\/www.sadc-cae.ca\/fr\/garage-sinnett-histoire-dune-releve-dentreprise\/#primaryimage"},"thumbnailUrl":"https:\/\/www.sadc-cae.ca\/wp-content\/uploads\/2024\/12\/DSC_2549-scaled.jpg","articleSection":["Non classifi\u00e9(e)"],"inLanguage":"fr-FR"},{"@type":"WebPage","@id":"https:\/\/www.sadc-cae.ca\/fr\/garage-sinnett-histoire-dune-releve-dentreprise\/","url":"https:\/\/www.sadc-cae.ca\/fr\/garage-sinnett-histoire-dune-releve-dentreprise\/","name":"R\u00e9seau des SADC et CAE - Garage Sinnett \u2013 Histoire d\u2019une rel\u00e8ve d\u2019entreprise","isPartOf":{"@id":"https:\/\/www.sadc-cae.ca\/en\/#website"},"primaryImageOfPage":{"@id":"https:\/\/www.sadc-cae.ca\/fr\/garage-sinnett-histoire-dune-releve-dentreprise\/#primaryimage"},"image":{"@id":"https:\/\/www.sadc-cae.ca\/fr\/garage-sinnett-histoire-dune-releve-dentreprise\/#primaryimage"},"thumbnailUrl":"https:\/\/www.sadc-cae.ca\/wp-content\/uploads\/2024\/12\/DSC_2549-scaled.jpg","datePublished":"2025-04-09T14:59:43+00:00","description":"En pleine pand\u00e9mie de la COVID-19 et \u00e0 peine \u00e2g\u00e9 de 25\u00a0ans, Mathieu Sinnett \u00e9tait loin de se douter qu\u2019il allait bient\u00f4t entamer des d\u00e9marches de rel\u00e8ve d\u2019entreprise. Rencontre avec ce jeune entrepreneur natif de Saint-Sim\u00e9on qui a os\u00e9 faire le saut dans l\u2019entrepreneuriat en reprenant le garage de M.\u00a0Yvan Landry.","breadcrumb":{"@id":"https:\/\/www.sadc-cae.ca\/fr\/garage-sinnett-histoire-dune-releve-dentreprise\/#breadcrumb"},"inLanguage":"fr-FR","potentialAction":[{"@type":"ReadAction","target":["https:\/\/www.sadc-cae.ca\/fr\/garage-sinnett-histoire-dune-releve-dentreprise\/"]}]},{"@type":"ImageObject","inLanguage":"fr-FR","@id":"https:\/\/www.sadc-cae.ca\/fr\/garage-sinnett-histoire-dune-releve-dentreprise\/#primaryimage","url":"https:\/\/www.sadc-cae.ca\/wp-content\/uploads\/2024\/12\/DSC_2549-scaled.jpg","contentUrl":"https:\/\/www.sadc-cae.ca\/wp-content\/uploads\/2024\/12\/DSC_2549-scaled.jpg","width":2560,"height":1703},{"@type":"BreadcrumbList","@id":"https:\/\/www.sadc-cae.ca\/fr\/garage-sinnett-histoire-dune-releve-dentreprise\/#breadcrumb","itemListElement":[{"@type":"ListItem","position":1,"name":"Accueil","item":"https:\/\/www.sadc-cae.ca\/fr\/"},{"@type":"ListItem","position":2,"name":"Garage Sinnett \u2013 Histoire d\u2019une rel\u00e8ve d\u2019entreprise"}]},{"@type":"WebSite","@id":"https:\/\/www.sadc-cae.ca\/en\/#website","url":"https:\/\/www.sadc-cae.ca\/en\/","name":"CAE Laprade Trois-Rivi\u00e8res","description":"On soutient et finance vos projets locaux","publisher":{"@id":"https:\/\/www.sadc-cae.ca\/en\/#organization"},"potentialAction":[{"@type":"SearchAction","target":{"@type":"EntryPoint","urlTemplate":"https:\/\/www.sadc-cae.ca\/en\/?s={search_term_string}"},"query-input":{"@type":"PropertyValueSpecification","valueRequired":true,"valueName":"search_term_string"}}],"inLanguage":"fr-FR"},{"@type":"Organization","@id":"https:\/\/www.sadc-cae.ca\/en\/#organization","name":"CAE Laprade Trois-Rivi\u00e8res Inc.","url":"https:\/\/www.sadc-cae.ca\/en\/","logo":{"@type":"ImageObject","inLanguage":"fr-FR","@id":"https:\/\/www.sadc-cae.ca\/en\/#\/schema\/logo\/image\/","url":"https:\/\/www.sadc-cae.ca\/wp-content\/uploads\/2024\/09\/SADC_Facebook_PhotoProfil.jpg","contentUrl":"https:\/\/www.sadc-cae.ca\/wp-content\/uploads\/2024\/09\/SADC_Facebook_PhotoProfil.jpg","width":640,"height":640,"caption":"CAE Laprade Trois-Rivi\u00e8res Inc."},"image":{"@id":"https:\/\/www.sadc-cae.ca\/en\/#\/schema\/logo\/image\/"}},{"@type":"Person","@id":"https:\/\/www.sadc-cae.ca\/en\/#\/schema\/person\/6a20cdb3f6d2f35f36ae8947a2bb4c92","name":"Lyne Lebrasseur","image":{"@type":"ImageObject","inLanguage":"fr-FR","@id":"https:\/\/www.sadc-cae.ca\/en\/#\/schema\/person\/image\/","url":"https:\/\/secure.gravatar.com\/avatar\/e149f86375018e519fe20fab341b312da89f194da1be93210ffb05b2765eb1cd?s=96&d=mm&r=g","contentUrl":"https:\/\/secure.gravatar.com\/avatar\/e149f86375018e519fe20fab341b312da89f194da1be93210ffb05b2765eb1cd?s=96&d=mm&r=g","caption":"Lyne Lebrasseur"},"url":"https:\/\/www.sadc-cae.ca\/fr\/author\/sadc_baie_des_chaleurs\/"}]}},"_links":{"self":[{"href":"https:\/\/www.sadc-cae.ca\/fr\/wp-json\/wp\/v2\/posts\/7296","targetHints":{"allow":["GET"]}}],"collection":[{"href":"https:\/\/www.sadc-cae.ca\/fr\/wp-json\/wp\/v2\/posts"}],"about":[{"href":"https:\/\/www.sadc-cae.ca\/fr\/wp-json\/wp\/v2\/types\/post"}],"author":[{"embeddable":true,"href":"https:\/\/www.sadc-cae.ca\/fr\/wp-json\/wp\/v2\/users\/31"}],"replies":[{"embeddable":true,"href":"https:\/\/www.sadc-cae.ca\/fr\/wp-json\/wp\/v2\/comments?post=7296"}],"version-history":[{"count":1,"href":"https:\/\/www.sadc-cae.ca\/fr\/wp-json\/wp\/v2\/posts\/7296\/revisions"}],"predecessor-version":[{"id":9474,"href":"https:\/\/www.sadc-cae.ca\/fr\/wp-json\/wp\/v2\/posts\/7296\/revisions\/9474"}],"wp:featuredmedia":[{"embeddable":true,"href":"https:\/\/www.sadc-cae.ca\/fr\/wp-json\/wp\/v2\/media\/7297"}],"wp:attachment":[{"href":"https:\/\/www.sadc-cae.ca\/fr\/wp-json\/wp\/v2\/media?parent=7296"}],"wp:term":[{"taxonomy":"category","embeddable":true,"href":"https:\/\/www.sadc-cae.ca\/fr\/wp-json\/wp\/v2\/categories?post=7296"},{"taxonomy":"post_tag","embeddable":true,"href":"https:\/\/www.sadc-cae.ca\/fr\/wp-json\/wp\/v2\/tags?post=7296"}],"curies":[{"name":"wp","href":"https:\/\/api.w.org\/{rel}","templated":true}]}}