{"id":7588,"date":"2025-02-04T11:44:38","date_gmt":"2025-02-04T16:44:38","guid":{"rendered":"https:\/\/www.sadc-cae.ca\/?p=7588"},"modified":"2025-02-04T11:46:42","modified_gmt":"2025-02-04T16:46:42","slug":"coup-denvoi-27e-edition-du-defi-osentreprendre","status":"publish","type":"post","link":"https:\/\/www.sadc-cae.ca\/fr\/coup-denvoi-27e-edition-du-defi-osentreprendre\/","title":{"rendered":"Le Kamouraska donne le coup d\u2019envoi de la 27e \u00e9dition du D\u00e9fi OSEntreprendre"},"content":{"rendered":"<p aria-level=\"2\"><b><span data-contrast=\"auto\">Saint-Pascal, le 4 f\u00e9vrier 2025<\/span><\/b><span data-contrast=\"auto\"> \u2013 La MRC de Kamouraska et la SADC du Kamouraska annoncent le coup d\u2019envoi de la 27<\/span><span data-contrast=\"auto\">e<\/span><span data-contrast=\"auto\">\u202f\u00e9dition du <\/span><b><span data-contrast=\"auto\">D\u00e9fi OSEntreprendre pour le territoire de la MRC de Kamouraska<\/span><\/b><span data-contrast=\"auto\">. Les personnes int\u00e9ress\u00e9es ont jusqu\u2019au 11 mars 2025, 16\u202fh pour faire parvenir leur candidature.\u00a0<\/span><\/p>\n<p><span data-contrast=\"auto\">Le compte \u00e0 rebours est donc officiellement commenc\u00e9! Tous les crit\u00e8res d&rsquo;admissibilit\u00e9, ainsi que la liste des cat\u00e9gories et des prix sp\u00e9ciaux, sont accessibles en ligne sur <\/span><a href=\"http:\/\/www.osentreprendre.quebec\/\"><span data-contrast=\"none\">osentreprendre.quebec<\/span><\/a><span data-contrast=\"auto\">. Une activit\u00e9 de remise de prix couronnera les laur\u00e9ats \u00e0 l\u2019\u00e9chelon local le 1er avril prochain \u00e0 l\u2019occasion d\u2019un 5 \u00e0 7.\u00a0\u00a0<\/span><span data-ccp-props=\"{&quot;335551550&quot;:6,&quot;335551620&quot;:6,&quot;469777462&quot;:[8505],&quot;469777927&quot;:[0],&quot;469777928&quot;:[4]}\">\u00a0<\/span><\/p>\n<p><span data-contrast=\"auto\">Ce grand mouvement qu\u00e9b\u00e9cois fait rayonner :<\/span><span data-ccp-props=\"{&quot;335551550&quot;:6,&quot;335551620&quot;:6,&quot;469777462&quot;:[8505],&quot;469777927&quot;:[0],&quot;469777928&quot;:[4]}\">\u00a0<\/span><\/p>\n<ul>\n<li><span data-contrast=\"auto\">de nouveaux entrepreneurs avec son volet Cr\u00e9ation d\u2019entreprise;\u00a0<\/span><span data-ccp-props=\"{&quot;335551550&quot;:6,&quot;335551620&quot;:6,&quot;469777462&quot;:[8505],&quot;469777927&quot;:[0],&quot;469777928&quot;:[4]}\">\u00a0<\/span><\/li>\n<li><span data-contrast=\"auto\">des entrepreneurs au cheminement inspirant avec son volet R\u00e9ussite inc.;\u00a0<\/span><span data-ccp-props=\"{&quot;335551550&quot;:6,&quot;335551620&quot;:6,&quot;469777462&quot;:[8505],&quot;469777927&quot;:[0],&quot;469777928&quot;:[4]}\">\u00a0<\/span><\/li>\n<li><span data-contrast=\"auto\">des mod\u00e8les d\u2019approvisionnement d\u2019ici avec son volet Faire affaire ensemble.<\/span><span data-ccp-props=\"{&quot;335551550&quot;:6,&quot;335551620&quot;:6,&quot;469777462&quot;:[8505],&quot;469777927&quot;:[0],&quot;469777928&quot;:[4]}\">\u00a0<\/span><\/li>\n<\/ul>\n<blockquote><p><span data-contrast=\"auto\">\u00ab Nous sommes fiers de d\u00e9ployer le D\u00e9fi OSEntreprendre car c\u2019est une formidable source de maillage pour notre communaut\u00e9 d\u2019affaires. Il permet le rayonnement des entrepreneurs d\u2019ici et inspire une nouvelle g\u00e9n\u00e9ration \u00e0 oser se lancer \u00bb, affirment d\u2019une voix commune le pr\u00e9sident de la SADC du Kamouraska, M. Olivier Lambert et M. Sylvain Roy, pr\u00e9fet de la MRC de Kamouraska.<\/span><span data-ccp-props=\"{&quot;335551550&quot;:6,&quot;335551620&quot;:6,&quot;469777462&quot;:[8505],&quot;469777927&quot;:[0],&quot;469777928&quot;:[4]}\">\u00a0<\/span><\/p><\/blockquote>\n<p><span data-contrast=\"auto\">Pour information, communiquez avec Marcel Leclerc, responsable local du D\u00e9fi OSEntreprendre pour le territoire de la MRC de Kamouraska (418 856-3482 poste 104 | mleclerc@sadckamouraska.com).<\/span><span data-ccp-props=\"{&quot;335551550&quot;:6,&quot;335551620&quot;:6,&quot;335559737&quot;:110,&quot;469777462&quot;:[8505],&quot;469777927&quot;:[0],&quot;469777928&quot;:[4]}\">\u00a0<\/span><\/p>\n<p><b><span data-contrast=\"auto\">\u00c0 propos du D\u00e9fi OSEntreprendre<\/span><\/b><span data-ccp-props=\"{&quot;335551550&quot;:6,&quot;335551620&quot;:6,&quot;335559737&quot;:110,&quot;469777462&quot;:[8505],&quot;469777927&quot;:[0],&quot;469777928&quot;:[4]}\">\u00a0<\/span><\/p>\n<p><span data-contrast=\"auto\">Le\u202f<\/span><b><span data-contrast=\"auto\">D\u00e9fi OSEntreprendre <\/span><\/b><span data-contrast=\"auto\">est\u202fun grand mouvement qu\u00e9b\u00e9cois qui fait rayonner les initiatives entrepreneuriales de milliers de personnes annuellement\u202f: des \u00e9l\u00e8ves, appuy\u00e9s par leurs intervenants scolaires, des \u00e9tudiants ainsi que des entrepreneurs. Il se d\u00e9ploie et s\u2019enracine aux \u00e9chelons local, r\u00e9gional et national gr\u00e2ce \u00e0 plus de 300\u202fresponsables qui se mobilisent dans les 17 r\u00e9gions du Qu\u00e9bec.\u202f\u202f<\/span><span data-ccp-props=\"{&quot;335551550&quot;:6,&quot;335551620&quot;:6,&quot;469777462&quot;:[8505],&quot;469777927&quot;:[0],&quot;469777928&quot;:[4]}\">\u00a0<\/span><\/p>\n<p style=\"text-align: center;\"><span data-ccp-props=\"{&quot;335551550&quot;:6,&quot;335551620&quot;:6,&quot;469777462&quot;:[8505],&quot;469777927&quot;:[0],&quot;469777928&quot;:[4]}\">\u00a0<\/span><span data-contrast=\"auto\">\u2013 30 \u2013<\/span><span data-ccp-props=\"{&quot;335551550&quot;:2,&quot;335551620&quot;:2,&quot;469777462&quot;:[8505],&quot;469777927&quot;:[0],&quot;469777928&quot;:[4]}\">\u00a0<\/span><\/p>\n<p>Isabelle Chouinard, conseill\u00e8re en d\u00e9veloppement \u00e9conomique et communication : 418 856-3482 poste 102 | ichouinard@sadckamouraska.com<\/p>\n","protected":false},"excerpt":{"rendered":"<p>Saint-Pascal, le 4 f\u00e9vrier 2025 \u2013 La MRC de Kamouraska et la SADC du Kamouraska annoncent le coup d\u2019envoi de la 27e\u202f\u00e9dition du D\u00e9fi OSEntreprendre pour le territoire de la MRC de Kamouraska. Les personnes int\u00e9ress\u00e9es ont jusqu\u2019au 11 mars 2025, 16\u202fh pour faire parvenir leur candidature.\u00a0 Le compte \u00e0 rebours est donc officiellement commenc\u00e9! [&hellip;]<\/p>\n","protected":false},"author":16,"featured_media":7591,"comment_status":"closed","ping_status":"closed","sticky":false,"template":"","format":"standard","meta":{"_acf_changed":false,"footnotes":""},"categories":[45],"tags":[],"class_list":["post-7588","post","type-post","status-publish","format-standard","has-post-thumbnail","hentry","category-non-classifiee"],"acf":[],"yoast_head":"<!-- This site is optimized with the Yoast SEO plugin v26.8 - https:\/\/yoast.com\/product\/yoast-seo-wordpress\/ -->\n<title>R\u00e9seau des SADC et CAE - Le Kamouraska donne le coup d\u2019envoi de la 27e \u00e9dition du D\u00e9fi OSEntreprendre<\/title>\n<meta name=\"robots\" content=\"index, follow, max-snippet:-1, max-image-preview:large, max-video-preview:-1\" \/>\n<link rel=\"canonical\" href=\"https:\/\/www.sadc-cae.ca\/fr\/coup-denvoi-27e-edition-du-defi-osentreprendre\/\" \/>\n<meta property=\"og:locale\" content=\"fr_FR\" \/>\n<meta property=\"og:type\" content=\"article\" \/>\n<meta property=\"og:title\" content=\"R\u00e9seau des SADC et CAE - Le Kamouraska donne le coup d\u2019envoi de la 27e \u00e9dition du D\u00e9fi OSEntreprendre\" \/>\n<meta property=\"og:description\" content=\"Saint-Pascal, le 4 f\u00e9vrier 2025 \u2013 La MRC de Kamouraska et la SADC du Kamouraska annoncent le coup d\u2019envoi de la 27e\u202f\u00e9dition du D\u00e9fi OSEntreprendre pour le territoire de la MRC de Kamouraska. Les personnes int\u00e9ress\u00e9es ont jusqu\u2019au 11 mars 2025, 16\u202fh pour faire parvenir leur candidature.\u00a0 Le compte \u00e0 rebours est donc officiellement commenc\u00e9! [&hellip;]\" \/>\n<meta property=\"og:url\" content=\"https:\/\/www.sadc-cae.ca\/fr\/coup-denvoi-27e-edition-du-defi-osentreprendre\/\" \/>\n<meta property=\"og:site_name\" content=\"R\u00e9seau des SADC et CAE\" \/>\n<meta property=\"article:published_time\" content=\"2025-02-04T16:44:38+00:00\" \/>\n<meta property=\"article:modified_time\" content=\"2025-02-04T16:46:42+00:00\" \/>\n<meta property=\"og:image\" content=\"https:\/\/www.sadc-cae.ca\/wp-content\/uploads\/2025\/02\/2024-25-defi-osentreprendre-couverture-facebook-r01.jpg\" \/>\n\t<meta property=\"og:image:width\" content=\"2400\" \/>\n\t<meta property=\"og:image:height\" content=\"1350\" \/>\n\t<meta property=\"og:image:type\" content=\"image\/jpeg\" \/>\n<meta name=\"author\" content=\"Isabelle Chouinard\" \/>\n<meta name=\"twitter:card\" content=\"summary_large_image\" \/>\n<meta name=\"twitter:label1\" content=\"\u00c9crit par\" \/>\n\t<meta name=\"twitter:data1\" content=\"Isabelle Chouinard\" \/>\n\t<meta name=\"twitter:label2\" content=\"Dur\u00e9e de lecture estim\u00e9e\" \/>\n\t<meta name=\"twitter:data2\" content=\"2 minutes\" \/>\n<script type=\"application\/ld+json\" class=\"yoast-schema-graph\">{\"@context\":\"https:\/\/schema.org\",\"@graph\":[{\"@type\":[\"Article\",\"BlogPosting\",\"NewsArticle\"],\"@id\":\"https:\/\/www.sadc-cae.ca\/fr\/coup-denvoi-27e-edition-du-defi-osentreprendre\/#article\",\"isPartOf\":{\"@id\":\"https:\/\/www.sadc-cae.ca\/fr\/coup-denvoi-27e-edition-du-defi-osentreprendre\/\"},\"author\":{\"name\":\"Isabelle Chouinard\",\"@id\":\"https:\/\/www.sadc-cae.ca\/en\/#\/schema\/person\/8fa00d1ba3ceaddf852f7e2c5ed14e4c\"},\"headline\":\"Le Kamouraska donne le coup d\u2019envoi de la 27e \u00e9dition du D\u00e9fi OSEntreprendre\",\"datePublished\":\"2025-02-04T16:44:38+00:00\",\"dateModified\":\"2025-02-04T16:46:42+00:00\",\"mainEntityOfPage\":{\"@id\":\"https:\/\/www.sadc-cae.ca\/fr\/coup-denvoi-27e-edition-du-defi-osentreprendre\/\"},\"wordCount\":338,\"publisher\":{\"@id\":\"https:\/\/www.sadc-cae.ca\/en\/#organization\"},\"image\":{\"@id\":\"https:\/\/www.sadc-cae.ca\/fr\/coup-denvoi-27e-edition-du-defi-osentreprendre\/#primaryimage\"},\"thumbnailUrl\":\"https:\/\/www.sadc-cae.ca\/wp-content\/uploads\/2025\/02\/2024-25-defi-osentreprendre-couverture-facebook-r01.jpg\",\"articleSection\":[\"Non classifi\u00e9(e)\"],\"inLanguage\":\"fr-FR\"},{\"@type\":\"WebPage\",\"@id\":\"https:\/\/www.sadc-cae.ca\/fr\/coup-denvoi-27e-edition-du-defi-osentreprendre\/\",\"url\":\"https:\/\/www.sadc-cae.ca\/fr\/coup-denvoi-27e-edition-du-defi-osentreprendre\/\",\"name\":\"R\u00e9seau des SADC et CAE - Le Kamouraska donne le coup d\u2019envoi de la 27e \u00e9dition du D\u00e9fi OSEntreprendre\",\"isPartOf\":{\"@id\":\"https:\/\/www.sadc-cae.ca\/en\/#website\"},\"primaryImageOfPage\":{\"@id\":\"https:\/\/www.sadc-cae.ca\/fr\/coup-denvoi-27e-edition-du-defi-osentreprendre\/#primaryimage\"},\"image\":{\"@id\":\"https:\/\/www.sadc-cae.ca\/fr\/coup-denvoi-27e-edition-du-defi-osentreprendre\/#primaryimage\"},\"thumbnailUrl\":\"https:\/\/www.sadc-cae.ca\/wp-content\/uploads\/2025\/02\/2024-25-defi-osentreprendre-couverture-facebook-r01.jpg\",\"datePublished\":\"2025-02-04T16:44:38+00:00\",\"dateModified\":\"2025-02-04T16:46:42+00:00\",\"breadcrumb\":{\"@id\":\"https:\/\/www.sadc-cae.ca\/fr\/coup-denvoi-27e-edition-du-defi-osentreprendre\/#breadcrumb\"},\"inLanguage\":\"fr-FR\",\"potentialAction\":[{\"@type\":\"ReadAction\",\"target\":[\"https:\/\/www.sadc-cae.ca\/fr\/coup-denvoi-27e-edition-du-defi-osentreprendre\/\"]}]},{\"@type\":\"ImageObject\",\"inLanguage\":\"fr-FR\",\"@id\":\"https:\/\/www.sadc-cae.ca\/fr\/coup-denvoi-27e-edition-du-defi-osentreprendre\/#primaryimage\",\"url\":\"https:\/\/www.sadc-cae.ca\/wp-content\/uploads\/2025\/02\/2024-25-defi-osentreprendre-couverture-facebook-r01.jpg\",\"contentUrl\":\"https:\/\/www.sadc-cae.ca\/wp-content\/uploads\/2025\/02\/2024-25-defi-osentreprendre-couverture-facebook-r01.jpg\",\"width\":2400,\"height\":1350},{\"@type\":\"BreadcrumbList\",\"@id\":\"https:\/\/www.sadc-cae.ca\/fr\/coup-denvoi-27e-edition-du-defi-osentreprendre\/#breadcrumb\",\"itemListElement\":[{\"@type\":\"ListItem\",\"position\":1,\"name\":\"Accueil\",\"item\":\"https:\/\/www.sadc-cae.ca\/fr\/\"},{\"@type\":\"ListItem\",\"position\":2,\"name\":\"Le Kamouraska donne le coup d\u2019envoi de la 27e \u00e9dition du D\u00e9fi OSEntreprendre\"}]},{\"@type\":\"WebSite\",\"@id\":\"https:\/\/www.sadc-cae.ca\/en\/#website\",\"url\":\"https:\/\/www.sadc-cae.ca\/en\/\",\"name\":\"CAE Laprade Trois-Rivi\u00e8res\",\"description\":\"On soutient et finance vos projets locaux\",\"publisher\":{\"@id\":\"https:\/\/www.sadc-cae.ca\/en\/#organization\"},\"potentialAction\":[{\"@type\":\"SearchAction\",\"target\":{\"@type\":\"EntryPoint\",\"urlTemplate\":\"https:\/\/www.sadc-cae.ca\/en\/?s={search_term_string}\"},\"query-input\":{\"@type\":\"PropertyValueSpecification\",\"valueRequired\":true,\"valueName\":\"search_term_string\"}}],\"inLanguage\":\"fr-FR\"},{\"@type\":\"Organization\",\"@id\":\"https:\/\/www.sadc-cae.ca\/en\/#organization\",\"name\":\"CAE Laprade Trois-Rivi\u00e8res Inc.\",\"url\":\"https:\/\/www.sadc-cae.ca\/en\/\",\"logo\":{\"@type\":\"ImageObject\",\"inLanguage\":\"fr-FR\",\"@id\":\"https:\/\/www.sadc-cae.ca\/en\/#\/schema\/logo\/image\/\",\"url\":\"https:\/\/www.sadc-cae.ca\/wp-content\/uploads\/2024\/09\/SADC_Facebook_PhotoProfil.jpg\",\"contentUrl\":\"https:\/\/www.sadc-cae.ca\/wp-content\/uploads\/2024\/09\/SADC_Facebook_PhotoProfil.jpg\",\"width\":640,\"height\":640,\"caption\":\"CAE Laprade Trois-Rivi\u00e8res Inc.\"},\"image\":{\"@id\":\"https:\/\/www.sadc-cae.ca\/en\/#\/schema\/logo\/image\/\"}},{\"@type\":\"Person\",\"@id\":\"https:\/\/www.sadc-cae.ca\/en\/#\/schema\/person\/8fa00d1ba3ceaddf852f7e2c5ed14e4c\",\"name\":\"Isabelle Chouinard\",\"image\":{\"@type\":\"ImageObject\",\"inLanguage\":\"fr-FR\",\"@id\":\"https:\/\/www.sadc-cae.ca\/en\/#\/schema\/person\/image\/\",\"url\":\"https:\/\/secure.gravatar.com\/avatar\/602bbae84f2be14426aa2787e0e44398beaa64c2f210ae8dd7466530109ef31b?s=96&d=mm&r=g\",\"contentUrl\":\"https:\/\/secure.gravatar.com\/avatar\/602bbae84f2be14426aa2787e0e44398beaa64c2f210ae8dd7466530109ef31b?s=96&d=mm&r=g\",\"caption\":\"Isabelle Chouinard\"},\"url\":\"https:\/\/www.sadc-cae.ca\/fr\/author\/sadc_kamouraska\/\"}]}<\/script>\n<!-- \/ Yoast SEO plugin. -->","yoast_head_json":{"title":"R\u00e9seau des SADC et CAE - Le Kamouraska donne le coup d\u2019envoi de la 27e \u00e9dition du D\u00e9fi OSEntreprendre","robots":{"index":"index","follow":"follow","max-snippet":"max-snippet:-1","max-image-preview":"max-image-preview:large","max-video-preview":"max-video-preview:-1"},"canonical":"https:\/\/www.sadc-cae.ca\/fr\/coup-denvoi-27e-edition-du-defi-osentreprendre\/","og_locale":"fr_FR","og_type":"article","og_title":"R\u00e9seau des SADC et CAE - Le Kamouraska donne le coup d\u2019envoi de la 27e \u00e9dition du D\u00e9fi OSEntreprendre","og_description":"Saint-Pascal, le 4 f\u00e9vrier 2025 \u2013 La MRC de Kamouraska et la SADC du Kamouraska annoncent le coup d\u2019envoi de la 27e\u202f\u00e9dition du D\u00e9fi OSEntreprendre pour le territoire de la MRC de Kamouraska. Les personnes int\u00e9ress\u00e9es ont jusqu\u2019au 11 mars 2025, 16\u202fh pour faire parvenir leur candidature.\u00a0 Le compte \u00e0 rebours est donc officiellement commenc\u00e9! [&hellip;]","og_url":"https:\/\/www.sadc-cae.ca\/fr\/coup-denvoi-27e-edition-du-defi-osentreprendre\/","og_site_name":"R\u00e9seau des SADC et CAE","article_published_time":"2025-02-04T16:44:38+00:00","article_modified_time":"2025-02-04T16:46:42+00:00","og_image":[{"width":2400,"height":1350,"url":"https:\/\/www.sadc-cae.ca\/wp-content\/uploads\/2025\/02\/2024-25-defi-osentreprendre-couverture-facebook-r01.jpg","type":"image\/jpeg"}],"author":"Isabelle Chouinard","twitter_card":"summary_large_image","twitter_misc":{"\u00c9crit par":"Isabelle Chouinard","Dur\u00e9e de lecture estim\u00e9e":"2 minutes"},"schema":{"@context":"https:\/\/schema.org","@graph":[{"@type":["Article","BlogPosting","NewsArticle"],"@id":"https:\/\/www.sadc-cae.ca\/fr\/coup-denvoi-27e-edition-du-defi-osentreprendre\/#article","isPartOf":{"@id":"https:\/\/www.sadc-cae.ca\/fr\/coup-denvoi-27e-edition-du-defi-osentreprendre\/"},"author":{"name":"Isabelle Chouinard","@id":"https:\/\/www.sadc-cae.ca\/en\/#\/schema\/person\/8fa00d1ba3ceaddf852f7e2c5ed14e4c"},"headline":"Le Kamouraska donne le coup d\u2019envoi de la 27e \u00e9dition du D\u00e9fi OSEntreprendre","datePublished":"2025-02-04T16:44:38+00:00","dateModified":"2025-02-04T16:46:42+00:00","mainEntityOfPage":{"@id":"https:\/\/www.sadc-cae.ca\/fr\/coup-denvoi-27e-edition-du-defi-osentreprendre\/"},"wordCount":338,"publisher":{"@id":"https:\/\/www.sadc-cae.ca\/en\/#organization"},"image":{"@id":"https:\/\/www.sadc-cae.ca\/fr\/coup-denvoi-27e-edition-du-defi-osentreprendre\/#primaryimage"},"thumbnailUrl":"https:\/\/www.sadc-cae.ca\/wp-content\/uploads\/2025\/02\/2024-25-defi-osentreprendre-couverture-facebook-r01.jpg","articleSection":["Non classifi\u00e9(e)"],"inLanguage":"fr-FR"},{"@type":"WebPage","@id":"https:\/\/www.sadc-cae.ca\/fr\/coup-denvoi-27e-edition-du-defi-osentreprendre\/","url":"https:\/\/www.sadc-cae.ca\/fr\/coup-denvoi-27e-edition-du-defi-osentreprendre\/","name":"R\u00e9seau des SADC et CAE - Le Kamouraska donne le coup d\u2019envoi de la 27e \u00e9dition du D\u00e9fi OSEntreprendre","isPartOf":{"@id":"https:\/\/www.sadc-cae.ca\/en\/#website"},"primaryImageOfPage":{"@id":"https:\/\/www.sadc-cae.ca\/fr\/coup-denvoi-27e-edition-du-defi-osentreprendre\/#primaryimage"},"image":{"@id":"https:\/\/www.sadc-cae.ca\/fr\/coup-denvoi-27e-edition-du-defi-osentreprendre\/#primaryimage"},"thumbnailUrl":"https:\/\/www.sadc-cae.ca\/wp-content\/uploads\/2025\/02\/2024-25-defi-osentreprendre-couverture-facebook-r01.jpg","datePublished":"2025-02-04T16:44:38+00:00","dateModified":"2025-02-04T16:46:42+00:00","breadcrumb":{"@id":"https:\/\/www.sadc-cae.ca\/fr\/coup-denvoi-27e-edition-du-defi-osentreprendre\/#breadcrumb"},"inLanguage":"fr-FR","potentialAction":[{"@type":"ReadAction","target":["https:\/\/www.sadc-cae.ca\/fr\/coup-denvoi-27e-edition-du-defi-osentreprendre\/"]}]},{"@type":"ImageObject","inLanguage":"fr-FR","@id":"https:\/\/www.sadc-cae.ca\/fr\/coup-denvoi-27e-edition-du-defi-osentreprendre\/#primaryimage","url":"https:\/\/www.sadc-cae.ca\/wp-content\/uploads\/2025\/02\/2024-25-defi-osentreprendre-couverture-facebook-r01.jpg","contentUrl":"https:\/\/www.sadc-cae.ca\/wp-content\/uploads\/2025\/02\/2024-25-defi-osentreprendre-couverture-facebook-r01.jpg","width":2400,"height":1350},{"@type":"BreadcrumbList","@id":"https:\/\/www.sadc-cae.ca\/fr\/coup-denvoi-27e-edition-du-defi-osentreprendre\/#breadcrumb","itemListElement":[{"@type":"ListItem","position":1,"name":"Accueil","item":"https:\/\/www.sadc-cae.ca\/fr\/"},{"@type":"ListItem","position":2,"name":"Le Kamouraska donne le coup d\u2019envoi de la 27e \u00e9dition du D\u00e9fi OSEntreprendre"}]},{"@type":"WebSite","@id":"https:\/\/www.sadc-cae.ca\/en\/#website","url":"https:\/\/www.sadc-cae.ca\/en\/","name":"CAE Laprade Trois-Rivi\u00e8res","description":"On soutient et finance vos projets locaux","publisher":{"@id":"https:\/\/www.sadc-cae.ca\/en\/#organization"},"potentialAction":[{"@type":"SearchAction","target":{"@type":"EntryPoint","urlTemplate":"https:\/\/www.sadc-cae.ca\/en\/?s={search_term_string}"},"query-input":{"@type":"PropertyValueSpecification","valueRequired":true,"valueName":"search_term_string"}}],"inLanguage":"fr-FR"},{"@type":"Organization","@id":"https:\/\/www.sadc-cae.ca\/en\/#organization","name":"CAE Laprade Trois-Rivi\u00e8res Inc.","url":"https:\/\/www.sadc-cae.ca\/en\/","logo":{"@type":"ImageObject","inLanguage":"fr-FR","@id":"https:\/\/www.sadc-cae.ca\/en\/#\/schema\/logo\/image\/","url":"https:\/\/www.sadc-cae.ca\/wp-content\/uploads\/2024\/09\/SADC_Facebook_PhotoProfil.jpg","contentUrl":"https:\/\/www.sadc-cae.ca\/wp-content\/uploads\/2024\/09\/SADC_Facebook_PhotoProfil.jpg","width":640,"height":640,"caption":"CAE Laprade Trois-Rivi\u00e8res Inc."},"image":{"@id":"https:\/\/www.sadc-cae.ca\/en\/#\/schema\/logo\/image\/"}},{"@type":"Person","@id":"https:\/\/www.sadc-cae.ca\/en\/#\/schema\/person\/8fa00d1ba3ceaddf852f7e2c5ed14e4c","name":"Isabelle Chouinard","image":{"@type":"ImageObject","inLanguage":"fr-FR","@id":"https:\/\/www.sadc-cae.ca\/en\/#\/schema\/person\/image\/","url":"https:\/\/secure.gravatar.com\/avatar\/602bbae84f2be14426aa2787e0e44398beaa64c2f210ae8dd7466530109ef31b?s=96&d=mm&r=g","contentUrl":"https:\/\/secure.gravatar.com\/avatar\/602bbae84f2be14426aa2787e0e44398beaa64c2f210ae8dd7466530109ef31b?s=96&d=mm&r=g","caption":"Isabelle Chouinard"},"url":"https:\/\/www.sadc-cae.ca\/fr\/author\/sadc_kamouraska\/"}]}},"_links":{"self":[{"href":"https:\/\/www.sadc-cae.ca\/fr\/wp-json\/wp\/v2\/posts\/7588","targetHints":{"allow":["GET"]}}],"collection":[{"href":"https:\/\/www.sadc-cae.ca\/fr\/wp-json\/wp\/v2\/posts"}],"about":[{"href":"https:\/\/www.sadc-cae.ca\/fr\/wp-json\/wp\/v2\/types\/post"}],"author":[{"embeddable":true,"href":"https:\/\/www.sadc-cae.ca\/fr\/wp-json\/wp\/v2\/users\/16"}],"replies":[{"embeddable":true,"href":"https:\/\/www.sadc-cae.ca\/fr\/wp-json\/wp\/v2\/comments?post=7588"}],"version-history":[{"count":0,"href":"https:\/\/www.sadc-cae.ca\/fr\/wp-json\/wp\/v2\/posts\/7588\/revisions"}],"wp:featuredmedia":[{"embeddable":true,"href":"https:\/\/www.sadc-cae.ca\/fr\/wp-json\/wp\/v2\/media\/7591"}],"wp:attachment":[{"href":"https:\/\/www.sadc-cae.ca\/fr\/wp-json\/wp\/v2\/media?parent=7588"}],"wp:term":[{"taxonomy":"category","embeddable":true,"href":"https:\/\/www.sadc-cae.ca\/fr\/wp-json\/wp\/v2\/categories?post=7588"},{"taxonomy":"post_tag","embeddable":true,"href":"https:\/\/www.sadc-cae.ca\/fr\/wp-json\/wp\/v2\/tags?post=7588"}],"curies":[{"name":"wp","href":"https:\/\/api.w.org\/{rel}","templated":true}]}}