{"id":8968,"date":"2025-03-31T19:45:27","date_gmt":"2025-03-31T23:45:27","guid":{"rendered":"https:\/\/www.sadc-cae.ca\/?p=8968"},"modified":"2025-03-31T19:45:27","modified_gmt":"2025-03-31T23:45:27","slug":"les-laureats-du-27e-defi-osentreprendre-de-la-mrc-de-riviere-du-loup-sont-maintenant-devoiles","status":"publish","type":"post","link":"https:\/\/www.sadc-cae.ca\/fr\/les-laureats-du-27e-defi-osentreprendre-de-la-mrc-de-riviere-du-loup-sont-maintenant-devoiles\/","title":{"rendered":"Les laur\u00e9ats du 27e D\u00e9fi OSEntreprendre de la MRC de Rivi\u00e8re-du-Loup sont maintenant d\u00e9voil\u00e9s!"},"content":{"rendered":"<p><strong>Rivi\u00e8re-du-Loup, le vendredi 28 mars 2025 <\/strong>\u2013 C\u2019est avec une grande fiert\u00e9 que nous d\u00e9voilons les laur\u00e9ats locaux de la MRC de Rivi\u00e8re-du-Loup du <strong>27<sup>e<\/sup> D\u00e9fi OSEntreprendre<\/strong>. Ce concours fait rayonner les initiatives et inspire un plus grand nombre de personnes \u00e0 passer \u00e0 l\u2019action. Pas de doute que notre r\u00e9gion peut en \u00eatre fi\u00e8re!<\/p>\n<p>Jeudi dernier, lors de la soir\u00e9e de remise de prix, la pr\u00e9sidente d\u2019honneur locale de ce <strong>27<sup>e<\/sup> D\u00e9fi OSEntreprendre<\/strong>, madame Pamela B\u00e9rub\u00e9, Vice-Pr\u00e9sidente &#8211; cofondatrice de Go RH et Pr\u00e9sidente de Huni PAE\u00a0(programme d\u2019aide aux employ\u00e9s), se rappelle sa propre exp\u00e9rience il y a 10 ans, une aventure entrepreneuriale enrichissante. Elle comprend tr\u00e8s bien les laur\u00e9ates et laur\u00e9ats dans leur passion. Pamela ajoute qu\u2019un bon entrepreneur est celui qui trouve un \u00e9quilibre entre le professionnel et le personnel tout en prenant soin de sa propre personne. \u00ab\u00a0Les heures n\u2019\u00e9tant pas compt\u00e9es quand tu occupes le r\u00f4le d\u2019un entrepreneur, il est important de comprendre qu\u2019un esprit sain dans un corps sain permettra d\u2019aller plus loin. F\u00e9licitations aux laur\u00e9ates et laur\u00e9ats pour leur audace et leur d\u00e9termination.\u00a0\u00bb<\/p>\n<p><strong><u>Les laur\u00e9ats<\/u><\/strong><\/p>\n<p>Lors de ce gala, 4 prix ont \u00e9t\u00e9 remis aux laur\u00e9ats qui se sont d\u00e9marqu\u00e9s par leur candidature. Dans le volet \u00ab\u00a0<strong>cr\u00e9ation d\u2019entreprise<\/strong>\u00a0\u00bb, les premiers prix des cat\u00e9gories ont \u00e9t\u00e9 d\u00e9cern\u00e9s \u00e0\u00a0:<\/p>\n<ul>\n<li><strong>\u00c9conomie sociale\u00a0: Coop carotte<\/strong> de Rivi\u00e8re-du-Loup<\/li>\n<li><strong>Services aux individus\u00a0<\/strong>: <strong>Nathaniel Sayles<\/strong> de Rivi\u00e8re-du-Loup<\/li>\n<li><strong>Exploitation, transformation, production<\/strong>: <strong>MaCate Macarons et Cie<\/strong> de Rivi\u00e8re-du-Loup.<\/li>\n<\/ul>\n<p>Dans le volet \u00ab\u00a0<strong>faire affaire ensemble<\/strong>\u00a0\u00bb, le premier prix a \u00e9t\u00e9 d\u00e9cern\u00e9 \u00e0 <strong>Les Passions de K\u00e9mini<\/strong> de Rivi\u00e8re-du-Loup.<\/p>\n<p><strong><u>Les partenaires financiers<\/u><\/strong><\/p>\n<p>Nous voulons remercier les g\u00e9n\u00e9reux partenaires financiers de cette 27<sup>e<\/sup> \u00e9dition. Gr\u00e2ce \u00e0 eux, nous avons remis des bourses totalisant 1\u00a0000 $ \u00e0 nos laur\u00e9ats locaux.<\/p>\n<p><strong>Les partenaires OR<\/strong>\u00a0:<\/p>\n<p>Am\u00e9lie Dionne, d\u00e9put\u00e9e de Rivi\u00e8re-du-Loup-T\u00e9miscouata | HarveyCorp | Mallette | CLD de la r\u00e9gion de Rivi\u00e8re-du-Loup\u00a0|SADC de la MRC de Rivi\u00e8re-du-Loup\u00a0|Association des concessionnaires automobiles et de camions de Rivi\u00e8re-du-Loup\u00a0|Univers Emploi<\/p>\n<p><strong>Les partenaires ARGENT<\/strong>\u00a0:<\/p>\n<p>Transport Morneau |Groupe Lebel |Simply for Life \u2013 Rivi\u00e8re-du-Loup<\/p>\n<p><strong>Les partenaires BRONZE\u00a0<\/strong>:<\/p>\n<p>Alain Normand Transport | Lepage Millwork<\/p>\n<p><strong><u>Un partenariat gagnant<\/u><\/strong><\/p>\n<p>Si le D\u00e9fi OSEntreprendre de la MRC de Rivi\u00e8re-du-Loup est devenu un incontournable pour propulser l\u2019esprit d\u2019entreprendre sur le territoire de Rivi\u00e8re-du-Loup, c\u2019est gr\u00e2ce \u00e0 l\u2019\u00e9troite collaboration des organisations de d\u00e9veloppement \u00e9conomique et du milieu entrepreneurial. Rappelons que le CLD de la r\u00e9gion de Rivi\u00e8re-du-Loup et la SADC de la MRC de Rivi\u00e8re-du-Loup sont les organismes responsables locaux depuis le tout d\u00e9but de cet \u00e9v\u00e8nement. Pour inspirer le d\u00e9sir d\u2019entreprendre dans la r\u00e9gion, il peut compter sur de nombreux collaborateurs et partenaires!<\/p>\n<p><strong><u>\u00c0 propos du D\u00e9fi OSEntreprendre<\/u><\/strong><\/p>\n<p>La principale activit\u00e9 d\u2019OSEntreprendre, le\u00a0<strong>D\u00e9fi OSEntreprendre<\/strong>, est\u00a0un grand mouvement qu\u00e9b\u00e9cois qui fait rayonner annuellement les initiatives entrepreneuriales. Cette ann\u00e9e ce sont 2\u00a0281 projets qui ont \u00e9t\u00e9 d\u00e9pos\u00e9s, tout volet confondu\u00a0: des jeunes du pr\u00e9scolaire jusqu\u2019\u00e0 l\u2019universit\u00e9 appuy\u00e9s par leurs intervenants scolaires avec son volet Scolaire, de nouveaux entrepreneurs avec son volet Cr\u00e9ation d\u2019entreprise, des entrepreneurs au cheminement inspirant avec son volet R\u00e9ussite inc. et des mod\u00e8les d\u2019approvisionnement d\u2019ici avec son volet Faire affaire ensemble. Il se d\u00e9ploie et s\u2019enracine aux \u00e9chelons local, r\u00e9gional et national. Pour sa mise en \u0153uvre, plus de 300 responsables se mobilisent dans les 17\u00a0r\u00e9gions du Qu\u00e9bec afin de mettre en lumi\u00e8re les projets issus de leur milieu.<\/p>\n<p>\u2013 30 \u2013<\/p>\n<p>Source\u00a0:<\/p>\n<p>Jenny Pouliot, coresponsable locale<\/p>\n<p>CLD de la r\u00e9gion de Rivi\u00e8re-du-Loup<\/p>\n<p>418\u00a0862-1823 poste 102, <a href=\"mailto:jpouliot@cldrdl.com\">jpouliot@cldrdl.com<\/a><\/p>\n<p>&nbsp;<\/p>\n","protected":false},"excerpt":{"rendered":"<p>Rivi\u00e8re-du-Loup, le vendredi 28 mars 2025 \u2013 C\u2019est avec une grande fiert\u00e9 que nous d\u00e9voilons les laur\u00e9ats locaux de la MRC de Rivi\u00e8re-du-Loup du 27e D\u00e9fi OSEntreprendre. Ce concours fait rayonner les initiatives et inspire un plus grand nombre de personnes \u00e0 passer \u00e0 l\u2019action. Pas de doute que notre r\u00e9gion peut en \u00eatre fi\u00e8re! [&hellip;]<\/p>\n","protected":false},"author":25,"featured_media":8969,"comment_status":"closed","ping_status":"closed","sticky":false,"template":"","format":"standard","meta":{"_acf_changed":false,"footnotes":""},"categories":[45],"tags":[],"class_list":["post-8968","post","type-post","status-publish","format-standard","has-post-thumbnail","hentry","category-non-classifiee"],"acf":[],"yoast_head":"<!-- This site is optimized with the Yoast SEO plugin v26.8 - https:\/\/yoast.com\/product\/yoast-seo-wordpress\/ -->\n<title>R\u00e9seau des SADC et CAE - Les laur\u00e9ats du 27e D\u00e9fi OSEntreprendre de la MRC de Rivi\u00e8re-du-Loup sont maintenant d\u00e9voil\u00e9s!<\/title>\n<meta name=\"robots\" content=\"index, follow, max-snippet:-1, max-image-preview:large, max-video-preview:-1\" \/>\n<link rel=\"canonical\" href=\"https:\/\/www.sadc-cae.ca\/fr\/les-laureats-du-27e-defi-osentreprendre-de-la-mrc-de-riviere-du-loup-sont-maintenant-devoiles\/\" \/>\n<meta property=\"og:locale\" content=\"fr_FR\" \/>\n<meta property=\"og:type\" content=\"article\" \/>\n<meta property=\"og:title\" content=\"R\u00e9seau des SADC et CAE - Les laur\u00e9ats du 27e D\u00e9fi OSEntreprendre de la MRC de Rivi\u00e8re-du-Loup sont maintenant d\u00e9voil\u00e9s!\" \/>\n<meta property=\"og:description\" content=\"Rivi\u00e8re-du-Loup, le vendredi 28 mars 2025 \u2013 C\u2019est avec une grande fiert\u00e9 que nous d\u00e9voilons les laur\u00e9ats locaux de la MRC de Rivi\u00e8re-du-Loup du 27e D\u00e9fi OSEntreprendre. Ce concours fait rayonner les initiatives et inspire un plus grand nombre de personnes \u00e0 passer \u00e0 l\u2019action. Pas de doute que notre r\u00e9gion peut en \u00eatre fi\u00e8re! [&hellip;]\" \/>\n<meta property=\"og:url\" content=\"https:\/\/www.sadc-cae.ca\/fr\/les-laureats-du-27e-defi-osentreprendre-de-la-mrc-de-riviere-du-loup-sont-maintenant-devoiles\/\" \/>\n<meta property=\"og:site_name\" content=\"R\u00e9seau des SADC et CAE\" \/>\n<meta property=\"article:published_time\" content=\"2025-03-31T23:45:27+00:00\" \/>\n<meta property=\"og:image\" content=\"https:\/\/www.sadc-cae.ca\/wp-content\/uploads\/2025\/03\/2024-25-Defi-OSEntreprendre-_Laureats.png\" \/>\n\t<meta property=\"og:image:width\" content=\"1080\" \/>\n\t<meta property=\"og:image:height\" content=\"1080\" \/>\n\t<meta property=\"og:image:type\" content=\"image\/png\" \/>\n<meta name=\"author\" content=\"V\u00e9ronique Fortier\" \/>\n<meta name=\"twitter:card\" content=\"summary_large_image\" \/>\n<meta name=\"twitter:label1\" content=\"\u00c9crit par\" \/>\n\t<meta name=\"twitter:data1\" content=\"V\u00e9ronique Fortier\" \/>\n\t<meta name=\"twitter:label2\" content=\"Dur\u00e9e de lecture estim\u00e9e\" \/>\n\t<meta name=\"twitter:data2\" content=\"4 minutes\" \/>\n<script type=\"application\/ld+json\" class=\"yoast-schema-graph\">{\"@context\":\"https:\/\/schema.org\",\"@graph\":[{\"@type\":[\"Article\",\"BlogPosting\",\"NewsArticle\"],\"@id\":\"https:\/\/www.sadc-cae.ca\/fr\/les-laureats-du-27e-defi-osentreprendre-de-la-mrc-de-riviere-du-loup-sont-maintenant-devoiles\/#article\",\"isPartOf\":{\"@id\":\"https:\/\/www.sadc-cae.ca\/fr\/les-laureats-du-27e-defi-osentreprendre-de-la-mrc-de-riviere-du-loup-sont-maintenant-devoiles\/\"},\"author\":{\"name\":\"V\u00e9ronique Fortier\",\"@id\":\"https:\/\/www.sadc-cae.ca\/en\/#\/schema\/person\/a2228edf987383b0b804fb8943573ced\"},\"headline\":\"Les laur\u00e9ats du 27e D\u00e9fi OSEntreprendre de la MRC de Rivi\u00e8re-du-Loup sont maintenant d\u00e9voil\u00e9s!\",\"datePublished\":\"2025-03-31T23:45:27+00:00\",\"mainEntityOfPage\":{\"@id\":\"https:\/\/www.sadc-cae.ca\/fr\/les-laureats-du-27e-defi-osentreprendre-de-la-mrc-de-riviere-du-loup-sont-maintenant-devoiles\/\"},\"wordCount\":664,\"publisher\":{\"@id\":\"https:\/\/www.sadc-cae.ca\/en\/#organization\"},\"image\":{\"@id\":\"https:\/\/www.sadc-cae.ca\/fr\/les-laureats-du-27e-defi-osentreprendre-de-la-mrc-de-riviere-du-loup-sont-maintenant-devoiles\/#primaryimage\"},\"thumbnailUrl\":\"https:\/\/www.sadc-cae.ca\/wp-content\/uploads\/2025\/03\/2024-25-Defi-OSEntreprendre-_Laureats.png\",\"articleSection\":[\"Non classifi\u00e9(e)\"],\"inLanguage\":\"fr-FR\"},{\"@type\":\"WebPage\",\"@id\":\"https:\/\/www.sadc-cae.ca\/fr\/les-laureats-du-27e-defi-osentreprendre-de-la-mrc-de-riviere-du-loup-sont-maintenant-devoiles\/\",\"url\":\"https:\/\/www.sadc-cae.ca\/fr\/les-laureats-du-27e-defi-osentreprendre-de-la-mrc-de-riviere-du-loup-sont-maintenant-devoiles\/\",\"name\":\"R\u00e9seau des SADC et CAE - Les laur\u00e9ats du 27e D\u00e9fi OSEntreprendre de la MRC de Rivi\u00e8re-du-Loup sont maintenant d\u00e9voil\u00e9s!\",\"isPartOf\":{\"@id\":\"https:\/\/www.sadc-cae.ca\/en\/#website\"},\"primaryImageOfPage\":{\"@id\":\"https:\/\/www.sadc-cae.ca\/fr\/les-laureats-du-27e-defi-osentreprendre-de-la-mrc-de-riviere-du-loup-sont-maintenant-devoiles\/#primaryimage\"},\"image\":{\"@id\":\"https:\/\/www.sadc-cae.ca\/fr\/les-laureats-du-27e-defi-osentreprendre-de-la-mrc-de-riviere-du-loup-sont-maintenant-devoiles\/#primaryimage\"},\"thumbnailUrl\":\"https:\/\/www.sadc-cae.ca\/wp-content\/uploads\/2025\/03\/2024-25-Defi-OSEntreprendre-_Laureats.png\",\"datePublished\":\"2025-03-31T23:45:27+00:00\",\"breadcrumb\":{\"@id\":\"https:\/\/www.sadc-cae.ca\/fr\/les-laureats-du-27e-defi-osentreprendre-de-la-mrc-de-riviere-du-loup-sont-maintenant-devoiles\/#breadcrumb\"},\"inLanguage\":\"fr-FR\",\"potentialAction\":[{\"@type\":\"ReadAction\",\"target\":[\"https:\/\/www.sadc-cae.ca\/fr\/les-laureats-du-27e-defi-osentreprendre-de-la-mrc-de-riviere-du-loup-sont-maintenant-devoiles\/\"]}]},{\"@type\":\"ImageObject\",\"inLanguage\":\"fr-FR\",\"@id\":\"https:\/\/www.sadc-cae.ca\/fr\/les-laureats-du-27e-defi-osentreprendre-de-la-mrc-de-riviere-du-loup-sont-maintenant-devoiles\/#primaryimage\",\"url\":\"https:\/\/www.sadc-cae.ca\/wp-content\/uploads\/2025\/03\/2024-25-Defi-OSEntreprendre-_Laureats.png\",\"contentUrl\":\"https:\/\/www.sadc-cae.ca\/wp-content\/uploads\/2025\/03\/2024-25-Defi-OSEntreprendre-_Laureats.png\",\"width\":1080,\"height\":1080},{\"@type\":\"BreadcrumbList\",\"@id\":\"https:\/\/www.sadc-cae.ca\/fr\/les-laureats-du-27e-defi-osentreprendre-de-la-mrc-de-riviere-du-loup-sont-maintenant-devoiles\/#breadcrumb\",\"itemListElement\":[{\"@type\":\"ListItem\",\"position\":1,\"name\":\"Accueil\",\"item\":\"https:\/\/www.sadc-cae.ca\/fr\/\"},{\"@type\":\"ListItem\",\"position\":2,\"name\":\"Les laur\u00e9ats du 27e D\u00e9fi OSEntreprendre de la MRC de Rivi\u00e8re-du-Loup sont maintenant d\u00e9voil\u00e9s!\"}]},{\"@type\":\"WebSite\",\"@id\":\"https:\/\/www.sadc-cae.ca\/en\/#website\",\"url\":\"https:\/\/www.sadc-cae.ca\/en\/\",\"name\":\"CAE Laprade Trois-Rivi\u00e8res\",\"description\":\"On soutient et finance vos projets locaux\",\"publisher\":{\"@id\":\"https:\/\/www.sadc-cae.ca\/en\/#organization\"},\"potentialAction\":[{\"@type\":\"SearchAction\",\"target\":{\"@type\":\"EntryPoint\",\"urlTemplate\":\"https:\/\/www.sadc-cae.ca\/en\/?s={search_term_string}\"},\"query-input\":{\"@type\":\"PropertyValueSpecification\",\"valueRequired\":true,\"valueName\":\"search_term_string\"}}],\"inLanguage\":\"fr-FR\"},{\"@type\":\"Organization\",\"@id\":\"https:\/\/www.sadc-cae.ca\/en\/#organization\",\"name\":\"CAE Laprade Trois-Rivi\u00e8res Inc.\",\"url\":\"https:\/\/www.sadc-cae.ca\/en\/\",\"logo\":{\"@type\":\"ImageObject\",\"inLanguage\":\"fr-FR\",\"@id\":\"https:\/\/www.sadc-cae.ca\/en\/#\/schema\/logo\/image\/\",\"url\":\"https:\/\/www.sadc-cae.ca\/wp-content\/uploads\/2024\/09\/SADC_Facebook_PhotoProfil.jpg\",\"contentUrl\":\"https:\/\/www.sadc-cae.ca\/wp-content\/uploads\/2024\/09\/SADC_Facebook_PhotoProfil.jpg\",\"width\":640,\"height\":640,\"caption\":\"CAE Laprade Trois-Rivi\u00e8res Inc.\"},\"image\":{\"@id\":\"https:\/\/www.sadc-cae.ca\/en\/#\/schema\/logo\/image\/\"}},{\"@type\":\"Person\",\"@id\":\"https:\/\/www.sadc-cae.ca\/en\/#\/schema\/person\/a2228edf987383b0b804fb8943573ced\",\"name\":\"V\u00e9ronique Fortier\",\"image\":{\"@type\":\"ImageObject\",\"inLanguage\":\"fr-FR\",\"@id\":\"https:\/\/www.sadc-cae.ca\/en\/#\/schema\/person\/image\/\",\"url\":\"https:\/\/secure.gravatar.com\/avatar\/f9b8c1ec0e580e0f3c07da4663f9ab843d5e52f93d300a54c0967cc23b3b7655?s=96&d=mm&r=g\",\"contentUrl\":\"https:\/\/secure.gravatar.com\/avatar\/f9b8c1ec0e580e0f3c07da4663f9ab843d5e52f93d300a54c0967cc23b3b7655?s=96&d=mm&r=g\",\"caption\":\"V\u00e9ronique Fortier\"},\"url\":\"https:\/\/www.sadc-cae.ca\/fr\/author\/sadc_mrc_riviere_du_loup\/\"}]}<\/script>\n<!-- \/ Yoast SEO plugin. -->","yoast_head_json":{"title":"R\u00e9seau des SADC et CAE - Les laur\u00e9ats du 27e D\u00e9fi OSEntreprendre de la MRC de Rivi\u00e8re-du-Loup sont maintenant d\u00e9voil\u00e9s!","robots":{"index":"index","follow":"follow","max-snippet":"max-snippet:-1","max-image-preview":"max-image-preview:large","max-video-preview":"max-video-preview:-1"},"canonical":"https:\/\/www.sadc-cae.ca\/fr\/les-laureats-du-27e-defi-osentreprendre-de-la-mrc-de-riviere-du-loup-sont-maintenant-devoiles\/","og_locale":"fr_FR","og_type":"article","og_title":"R\u00e9seau des SADC et CAE - Les laur\u00e9ats du 27e D\u00e9fi OSEntreprendre de la MRC de Rivi\u00e8re-du-Loup sont maintenant d\u00e9voil\u00e9s!","og_description":"Rivi\u00e8re-du-Loup, le vendredi 28 mars 2025 \u2013 C\u2019est avec une grande fiert\u00e9 que nous d\u00e9voilons les laur\u00e9ats locaux de la MRC de Rivi\u00e8re-du-Loup du 27e D\u00e9fi OSEntreprendre. Ce concours fait rayonner les initiatives et inspire un plus grand nombre de personnes \u00e0 passer \u00e0 l\u2019action. Pas de doute que notre r\u00e9gion peut en \u00eatre fi\u00e8re! [&hellip;]","og_url":"https:\/\/www.sadc-cae.ca\/fr\/les-laureats-du-27e-defi-osentreprendre-de-la-mrc-de-riviere-du-loup-sont-maintenant-devoiles\/","og_site_name":"R\u00e9seau des SADC et CAE","article_published_time":"2025-03-31T23:45:27+00:00","og_image":[{"width":1080,"height":1080,"url":"https:\/\/www.sadc-cae.ca\/wp-content\/uploads\/2025\/03\/2024-25-Defi-OSEntreprendre-_Laureats.png","type":"image\/png"}],"author":"V\u00e9ronique Fortier","twitter_card":"summary_large_image","twitter_misc":{"\u00c9crit par":"V\u00e9ronique Fortier","Dur\u00e9e de lecture estim\u00e9e":"4 minutes"},"schema":{"@context":"https:\/\/schema.org","@graph":[{"@type":["Article","BlogPosting","NewsArticle"],"@id":"https:\/\/www.sadc-cae.ca\/fr\/les-laureats-du-27e-defi-osentreprendre-de-la-mrc-de-riviere-du-loup-sont-maintenant-devoiles\/#article","isPartOf":{"@id":"https:\/\/www.sadc-cae.ca\/fr\/les-laureats-du-27e-defi-osentreprendre-de-la-mrc-de-riviere-du-loup-sont-maintenant-devoiles\/"},"author":{"name":"V\u00e9ronique Fortier","@id":"https:\/\/www.sadc-cae.ca\/en\/#\/schema\/person\/a2228edf987383b0b804fb8943573ced"},"headline":"Les laur\u00e9ats du 27e D\u00e9fi OSEntreprendre de la MRC de Rivi\u00e8re-du-Loup sont maintenant d\u00e9voil\u00e9s!","datePublished":"2025-03-31T23:45:27+00:00","mainEntityOfPage":{"@id":"https:\/\/www.sadc-cae.ca\/fr\/les-laureats-du-27e-defi-osentreprendre-de-la-mrc-de-riviere-du-loup-sont-maintenant-devoiles\/"},"wordCount":664,"publisher":{"@id":"https:\/\/www.sadc-cae.ca\/en\/#organization"},"image":{"@id":"https:\/\/www.sadc-cae.ca\/fr\/les-laureats-du-27e-defi-osentreprendre-de-la-mrc-de-riviere-du-loup-sont-maintenant-devoiles\/#primaryimage"},"thumbnailUrl":"https:\/\/www.sadc-cae.ca\/wp-content\/uploads\/2025\/03\/2024-25-Defi-OSEntreprendre-_Laureats.png","articleSection":["Non classifi\u00e9(e)"],"inLanguage":"fr-FR"},{"@type":"WebPage","@id":"https:\/\/www.sadc-cae.ca\/fr\/les-laureats-du-27e-defi-osentreprendre-de-la-mrc-de-riviere-du-loup-sont-maintenant-devoiles\/","url":"https:\/\/www.sadc-cae.ca\/fr\/les-laureats-du-27e-defi-osentreprendre-de-la-mrc-de-riviere-du-loup-sont-maintenant-devoiles\/","name":"R\u00e9seau des SADC et CAE - Les laur\u00e9ats du 27e D\u00e9fi OSEntreprendre de la MRC de Rivi\u00e8re-du-Loup sont maintenant d\u00e9voil\u00e9s!","isPartOf":{"@id":"https:\/\/www.sadc-cae.ca\/en\/#website"},"primaryImageOfPage":{"@id":"https:\/\/www.sadc-cae.ca\/fr\/les-laureats-du-27e-defi-osentreprendre-de-la-mrc-de-riviere-du-loup-sont-maintenant-devoiles\/#primaryimage"},"image":{"@id":"https:\/\/www.sadc-cae.ca\/fr\/les-laureats-du-27e-defi-osentreprendre-de-la-mrc-de-riviere-du-loup-sont-maintenant-devoiles\/#primaryimage"},"thumbnailUrl":"https:\/\/www.sadc-cae.ca\/wp-content\/uploads\/2025\/03\/2024-25-Defi-OSEntreprendre-_Laureats.png","datePublished":"2025-03-31T23:45:27+00:00","breadcrumb":{"@id":"https:\/\/www.sadc-cae.ca\/fr\/les-laureats-du-27e-defi-osentreprendre-de-la-mrc-de-riviere-du-loup-sont-maintenant-devoiles\/#breadcrumb"},"inLanguage":"fr-FR","potentialAction":[{"@type":"ReadAction","target":["https:\/\/www.sadc-cae.ca\/fr\/les-laureats-du-27e-defi-osentreprendre-de-la-mrc-de-riviere-du-loup-sont-maintenant-devoiles\/"]}]},{"@type":"ImageObject","inLanguage":"fr-FR","@id":"https:\/\/www.sadc-cae.ca\/fr\/les-laureats-du-27e-defi-osentreprendre-de-la-mrc-de-riviere-du-loup-sont-maintenant-devoiles\/#primaryimage","url":"https:\/\/www.sadc-cae.ca\/wp-content\/uploads\/2025\/03\/2024-25-Defi-OSEntreprendre-_Laureats.png","contentUrl":"https:\/\/www.sadc-cae.ca\/wp-content\/uploads\/2025\/03\/2024-25-Defi-OSEntreprendre-_Laureats.png","width":1080,"height":1080},{"@type":"BreadcrumbList","@id":"https:\/\/www.sadc-cae.ca\/fr\/les-laureats-du-27e-defi-osentreprendre-de-la-mrc-de-riviere-du-loup-sont-maintenant-devoiles\/#breadcrumb","itemListElement":[{"@type":"ListItem","position":1,"name":"Accueil","item":"https:\/\/www.sadc-cae.ca\/fr\/"},{"@type":"ListItem","position":2,"name":"Les laur\u00e9ats du 27e D\u00e9fi OSEntreprendre de la MRC de Rivi\u00e8re-du-Loup sont maintenant d\u00e9voil\u00e9s!"}]},{"@type":"WebSite","@id":"https:\/\/www.sadc-cae.ca\/en\/#website","url":"https:\/\/www.sadc-cae.ca\/en\/","name":"CAE Laprade Trois-Rivi\u00e8res","description":"On soutient et finance vos projets locaux","publisher":{"@id":"https:\/\/www.sadc-cae.ca\/en\/#organization"},"potentialAction":[{"@type":"SearchAction","target":{"@type":"EntryPoint","urlTemplate":"https:\/\/www.sadc-cae.ca\/en\/?s={search_term_string}"},"query-input":{"@type":"PropertyValueSpecification","valueRequired":true,"valueName":"search_term_string"}}],"inLanguage":"fr-FR"},{"@type":"Organization","@id":"https:\/\/www.sadc-cae.ca\/en\/#organization","name":"CAE Laprade Trois-Rivi\u00e8res Inc.","url":"https:\/\/www.sadc-cae.ca\/en\/","logo":{"@type":"ImageObject","inLanguage":"fr-FR","@id":"https:\/\/www.sadc-cae.ca\/en\/#\/schema\/logo\/image\/","url":"https:\/\/www.sadc-cae.ca\/wp-content\/uploads\/2024\/09\/SADC_Facebook_PhotoProfil.jpg","contentUrl":"https:\/\/www.sadc-cae.ca\/wp-content\/uploads\/2024\/09\/SADC_Facebook_PhotoProfil.jpg","width":640,"height":640,"caption":"CAE Laprade Trois-Rivi\u00e8res Inc."},"image":{"@id":"https:\/\/www.sadc-cae.ca\/en\/#\/schema\/logo\/image\/"}},{"@type":"Person","@id":"https:\/\/www.sadc-cae.ca\/en\/#\/schema\/person\/a2228edf987383b0b804fb8943573ced","name":"V\u00e9ronique Fortier","image":{"@type":"ImageObject","inLanguage":"fr-FR","@id":"https:\/\/www.sadc-cae.ca\/en\/#\/schema\/person\/image\/","url":"https:\/\/secure.gravatar.com\/avatar\/f9b8c1ec0e580e0f3c07da4663f9ab843d5e52f93d300a54c0967cc23b3b7655?s=96&d=mm&r=g","contentUrl":"https:\/\/secure.gravatar.com\/avatar\/f9b8c1ec0e580e0f3c07da4663f9ab843d5e52f93d300a54c0967cc23b3b7655?s=96&d=mm&r=g","caption":"V\u00e9ronique Fortier"},"url":"https:\/\/www.sadc-cae.ca\/fr\/author\/sadc_mrc_riviere_du_loup\/"}]}},"_links":{"self":[{"href":"https:\/\/www.sadc-cae.ca\/fr\/wp-json\/wp\/v2\/posts\/8968","targetHints":{"allow":["GET"]}}],"collection":[{"href":"https:\/\/www.sadc-cae.ca\/fr\/wp-json\/wp\/v2\/posts"}],"about":[{"href":"https:\/\/www.sadc-cae.ca\/fr\/wp-json\/wp\/v2\/types\/post"}],"author":[{"embeddable":true,"href":"https:\/\/www.sadc-cae.ca\/fr\/wp-json\/wp\/v2\/users\/25"}],"replies":[{"embeddable":true,"href":"https:\/\/www.sadc-cae.ca\/fr\/wp-json\/wp\/v2\/comments?post=8968"}],"version-history":[{"count":1,"href":"https:\/\/www.sadc-cae.ca\/fr\/wp-json\/wp\/v2\/posts\/8968\/revisions"}],"predecessor-version":[{"id":8971,"href":"https:\/\/www.sadc-cae.ca\/fr\/wp-json\/wp\/v2\/posts\/8968\/revisions\/8971"}],"wp:featuredmedia":[{"embeddable":true,"href":"https:\/\/www.sadc-cae.ca\/fr\/wp-json\/wp\/v2\/media\/8969"}],"wp:attachment":[{"href":"https:\/\/www.sadc-cae.ca\/fr\/wp-json\/wp\/v2\/media?parent=8968"}],"wp:term":[{"taxonomy":"category","embeddable":true,"href":"https:\/\/www.sadc-cae.ca\/fr\/wp-json\/wp\/v2\/categories?post=8968"},{"taxonomy":"post_tag","embeddable":true,"href":"https:\/\/www.sadc-cae.ca\/fr\/wp-json\/wp\/v2\/tags?post=8968"}],"curies":[{"name":"wp","href":"https:\/\/api.w.org\/{rel}","templated":true}]}}