{"id":9922,"date":"2025-05-06T14:24:20","date_gmt":"2025-05-06T18:24:20","guid":{"rendered":"https:\/\/www.sadc-cae.ca\/?p=9922"},"modified":"2025-05-07T16:33:19","modified_gmt":"2025-05-07T20:33:19","slug":"3-juin-2025-assemblee-generale-annuelle","status":"publish","type":"post","link":"https:\/\/www.sadc-cae.ca\/fr\/3-juin-2025-assemblee-generale-annuelle\/","title":{"rendered":"3 juin 2025 &#8211; Assembl\u00e9e g\u00e9n\u00e9rale annuelle"},"content":{"rendered":"<div class=\"x_elementToProof\">C\u2019est avec plaisir que la SADC du Kamouraska vous invite \u00e0 sa 31e assembl\u00e9e g\u00e9n\u00e9rale annuelle qui se tiendra le<b>\u00a0mardi 3 juin 2025 \u00e0 compter de 15\u00a0h 30<\/b><strong>\u00a0\u00e0 la Chapelle de la Gr\u00e8ve \u00e0 Saint-Denis-De La Bouteillerie <\/strong>(22, chemin de la Gr\u00e8ve Ouest). Nous profiterons de l&rsquo;\u00e9v\u00e9nement pour souligner le 40e anniversaire de la SADC. Vous aurez alors l&rsquo;occasion de vous rem\u00e9morer de bons souvenirs et s\u00fbrement quelques anecdotes!<\/div>\n<div><\/div>\n<div class=\"x_elementToProof\">D\u00e9roulement :<\/div>\n<ul>\n<li class=\"x_elementToProof\">15 h 30 &#8211; Accueil et r\u00e9seautage<\/li>\n<li class=\"x_elementToProof\">16 h 00 &#8211; Assembl\u00e9e g\u00e9n\u00e9rale annuelle avec animation sp\u00e9ciale pour le 40e anniversaire<\/li>\n<li class=\"x_elementToProof\">17 h 30 &#8211; Go\u00fbter et poursuite du r\u00e9seautage<\/li>\n<\/ul>\n<div class=\"x_elementToProof\">L&rsquo;avis de convocation officielle sera achemin\u00e9 aux membres et aux personnes ayant confirm\u00e9 leur pr\u00e9sence avant le 28 mai en <b><u><a id=\"LPlnk577624\" class=\"x_x_OWAAutoLink\" title=\"https:\/\/forms.office.com\/r\/DwFaDapvmK\" href=\"https:\/\/forms.office.com\/r\/DwFaDapvmK\" target=\"_blank\" rel=\"noopener noreferrer\" data-auth=\"NotApplicable\" data-linkindex=\"0\">cliquant ici<\/a><\/u><\/b>.<\/div>\n<div class=\"x_elementToProof\" aria-hidden=\"true\"><\/div>\n<div class=\"x_elementToProof\">Par le fait m\u00eame, nous vous invitons \u00e0 devenir membre ou \u00e0 renouveler votre membership\u00a0<u><a id=\"OWA12b78e60-c63e-b94c-dd9d-66d98a91b49e\" class=\"x_x_OWAAutoLink\" title=\"https:\/\/forms.zohopublic.com\/sadckamouraska\/form\/Inscriptiondemembres\/formperma\/tXVpBC8ckG1Yh7wjaDOFjvDi6e4Qv6nsl8Juqcq1yBM\" href=\"https:\/\/forms.zohopublic.com\/sadckamouraska\/form\/Inscriptiondemembres\/formperma\/tXVpBC8ckG1Yh7wjaDOFjvDi6e4Qv6nsl8Juqcq1yBM\" target=\"_blank\" rel=\"noopener noreferrer\" data-auth=\"NotApplicable\" data-linkindex=\"1\">(<\/a><\/u><b><u><a id=\"OWAd63bf0ac-040e-f964-3ab1-3a0bf424aad8\" class=\"x_x_OWAAutoLink\" title=\"https:\/\/forms.zohopublic.com\/sadckamouraska\/form\/Inscriptiondemembres\/formperma\/tXVpBC8ckG1Yh7wjaDOFjvDi6e4Qv6nsl8Juqcq1yBM\" href=\"https:\/\/forms.zohopublic.com\/sadckamouraska\/form\/Inscriptiondemembres\/formperma\/tXVpBC8ckG1Yh7wjaDOFjvDi6e4Qv6nsl8Juqcq1yBM\" target=\"_blank\" rel=\"noopener noreferrer\" data-auth=\"NotApplicable\" data-linkindex=\"2\">formulaire en ligne<\/a><\/u><\/b><u><a id=\"OWA1ab122fa-a650-0b18-0de0-17a965f1e664\" class=\"x_x_OWAAutoLink\" title=\"https:\/\/forms.zohopublic.com\/sadckamouraska\/form\/Inscriptiondemembres\/formperma\/tXVpBC8ckG1Yh7wjaDOFjvDi6e4Qv6nsl8Juqcq1yBM\" href=\"https:\/\/forms.zohopublic.com\/sadckamouraska\/form\/Inscriptiondemembres\/formperma\/tXVpBC8ckG1Yh7wjaDOFjvDi6e4Qv6nsl8Juqcq1yBM\" target=\"_blank\" rel=\"noopener noreferrer\" data-auth=\"NotApplicable\" data-linkindex=\"3\">)<\/a><\/u>, si ce n&rsquo;est pas d\u00e9j\u00e0 fait. Nous vous remercions d&rsquo;avance de votre adh\u00e9sion.<\/div>\n<div><\/div>\n<div class=\"x_elementToProof\">En terminant, nous vous informons que les\u00a0<b>si\u00e8ges 2, 4 et 5\u00a0<\/b>de notre conseil d\u2019administration seront en \u00e9lection. Pour les personnes int\u00e9ress\u00e9es\u00a0\u00e0\u00a0poser leur candidature, le\u00a0<a href=\"https:\/\/www.sadc-cae.ca\/wp-content\/uploads\/2025\/05\/Formulaire-de-mise-en-candidature-2025_editable.pdf\" target=\"_blank\" rel=\"noopener\"><b>formulaire de mise en candidature <\/b><\/a>doit \u00eatre compl\u00e9t\u00e9 avant le 29 mai 2025 \u00e0 12 h.\u00a0 La liste de membres est disponible en communiquant avec nous.<\/div>\n<div><\/div>\n<div class=\"x_elementToProof\">Au plaisir de se rencontrer le 3\u00a0juin prochain!<\/div>\n<div><\/div>\n<div class=\"x_elementToProof\"><b>Anik Briand<\/b><\/div>\n<div id=\"x_x_Signature\" class=\"x_x_elementToProof\">\n<div>Directrice g\u00e9n\u00e9rale, SADC du Kamouraska<\/div>\n<div><\/div>\n<\/div>\n<div><\/div>\n<div><img decoding=\"async\" class=\"alignnone wp-image-9935\" src=\"https:\/\/www.sadc-cae.ca\/wp-content\/uploads\/2025\/05\/Logo-40e-17-e1746556304488-300x223.png\" alt=\"\" width=\"166\" height=\"123\" srcset=\"https:\/\/www.sadc-cae.ca\/wp-content\/uploads\/2025\/05\/Logo-40e-17-e1746556304488-300x223.png 300w, https:\/\/www.sadc-cae.ca\/wp-content\/uploads\/2025\/05\/Logo-40e-17-e1746556304488-768x571.png 768w, https:\/\/www.sadc-cae.ca\/wp-content\/uploads\/2025\/05\/Logo-40e-17-e1746556304488.png 825w\" sizes=\"(max-width: 166px) 100vw, 166px\" \/><\/div>\n","protected":false},"excerpt":{"rendered":"<p>C\u2019est avec plaisir que la SADC du Kamouraska vous invite \u00e0 sa 31e assembl\u00e9e g\u00e9n\u00e9rale annuelle qui se tiendra le\u00a0mardi 3 juin 2025 \u00e0 compter de 15\u00a0h 30\u00a0\u00e0 la Chapelle de la Gr\u00e8ve \u00e0 Saint-Denis-De La Bouteillerie (22, chemin de la Gr\u00e8ve Ouest). Nous profiterons de l&rsquo;\u00e9v\u00e9nement pour souligner le 40e anniversaire de la SADC. [&hellip;]<\/p>\n","protected":false},"author":16,"featured_media":9930,"comment_status":"closed","ping_status":"closed","sticky":false,"template":"","format":"standard","meta":{"_acf_changed":false,"footnotes":""},"categories":[45],"tags":[],"class_list":["post-9922","post","type-post","status-publish","format-standard","has-post-thumbnail","hentry","category-non-classifiee"],"acf":[],"yoast_head":"<!-- This site is optimized with the Yoast SEO plugin v26.8 - https:\/\/yoast.com\/product\/yoast-seo-wordpress\/ -->\n<title>R\u00e9seau des SADC et CAE - 3 juin 2025 - Assembl\u00e9e g\u00e9n\u00e9rale annuelle<\/title>\n<meta name=\"robots\" content=\"index, follow, max-snippet:-1, max-image-preview:large, max-video-preview:-1\" \/>\n<link rel=\"canonical\" href=\"https:\/\/www.sadc-cae.ca\/fr\/3-juin-2025-assemblee-generale-annuelle\/\" \/>\n<meta property=\"og:locale\" content=\"fr_FR\" \/>\n<meta property=\"og:type\" content=\"article\" \/>\n<meta property=\"og:title\" content=\"R\u00e9seau des SADC et CAE - 3 juin 2025 - Assembl\u00e9e g\u00e9n\u00e9rale annuelle\" \/>\n<meta property=\"og:description\" content=\"C\u2019est avec plaisir que la SADC du Kamouraska vous invite \u00e0 sa 31e assembl\u00e9e g\u00e9n\u00e9rale annuelle qui se tiendra le\u00a0mardi 3 juin 2025 \u00e0 compter de 15\u00a0h 30\u00a0\u00e0 la Chapelle de la Gr\u00e8ve \u00e0 Saint-Denis-De La Bouteillerie (22, chemin de la Gr\u00e8ve Ouest). Nous profiterons de l&rsquo;\u00e9v\u00e9nement pour souligner le 40e anniversaire de la SADC. [&hellip;]\" \/>\n<meta property=\"og:url\" content=\"https:\/\/www.sadc-cae.ca\/fr\/3-juin-2025-assemblee-generale-annuelle\/\" \/>\n<meta property=\"og:site_name\" content=\"R\u00e9seau des SADC et CAE\" \/>\n<meta property=\"article:published_time\" content=\"2025-05-06T18:24:20+00:00\" \/>\n<meta property=\"article:modified_time\" content=\"2025-05-07T20:33:19+00:00\" \/>\n<meta property=\"og:image\" content=\"https:\/\/www.sadc-cae.ca\/wp-content\/uploads\/2025\/05\/Photo-AGA-2025-1-scaled.jpg\" \/>\n\t<meta property=\"og:image:width\" content=\"2560\" \/>\n\t<meta property=\"og:image:height\" content=\"1647\" \/>\n\t<meta property=\"og:image:type\" content=\"image\/jpeg\" \/>\n<meta name=\"author\" content=\"Isabelle Chouinard\" \/>\n<meta name=\"twitter:card\" content=\"summary_large_image\" \/>\n<meta name=\"twitter:label1\" content=\"\u00c9crit par\" \/>\n\t<meta name=\"twitter:data1\" content=\"Isabelle Chouinard\" \/>\n\t<meta name=\"twitter:label2\" content=\"Dur\u00e9e de lecture estim\u00e9e\" \/>\n\t<meta name=\"twitter:data2\" content=\"2 minutes\" \/>\n<script type=\"application\/ld+json\" class=\"yoast-schema-graph\">{\"@context\":\"https:\/\/schema.org\",\"@graph\":[{\"@type\":[\"Article\",\"BlogPosting\",\"NewsArticle\"],\"@id\":\"https:\/\/www.sadc-cae.ca\/fr\/3-juin-2025-assemblee-generale-annuelle\/#article\",\"isPartOf\":{\"@id\":\"https:\/\/www.sadc-cae.ca\/fr\/3-juin-2025-assemblee-generale-annuelle\/\"},\"author\":{\"name\":\"Isabelle Chouinard\",\"@id\":\"https:\/\/www.sadc-cae.ca\/en\/#\/schema\/person\/8fa00d1ba3ceaddf852f7e2c5ed14e4c\"},\"headline\":\"3 juin 2025 &#8211; Assembl\u00e9e g\u00e9n\u00e9rale annuelle\",\"datePublished\":\"2025-05-06T18:24:20+00:00\",\"dateModified\":\"2025-05-07T20:33:19+00:00\",\"mainEntityOfPage\":{\"@id\":\"https:\/\/www.sadc-cae.ca\/fr\/3-juin-2025-assemblee-generale-annuelle\/\"},\"wordCount\":240,\"publisher\":{\"@id\":\"https:\/\/www.sadc-cae.ca\/en\/#organization\"},\"image\":{\"@id\":\"https:\/\/www.sadc-cae.ca\/fr\/3-juin-2025-assemblee-generale-annuelle\/#primaryimage\"},\"thumbnailUrl\":\"https:\/\/www.sadc-cae.ca\/wp-content\/uploads\/2025\/05\/Photo-AGA-2025-1-scaled.jpg\",\"articleSection\":[\"Non classifi\u00e9(e)\"],\"inLanguage\":\"fr-FR\"},{\"@type\":\"WebPage\",\"@id\":\"https:\/\/www.sadc-cae.ca\/fr\/3-juin-2025-assemblee-generale-annuelle\/\",\"url\":\"https:\/\/www.sadc-cae.ca\/fr\/3-juin-2025-assemblee-generale-annuelle\/\",\"name\":\"R\u00e9seau des SADC et CAE - 3 juin 2025 - Assembl\u00e9e g\u00e9n\u00e9rale annuelle\",\"isPartOf\":{\"@id\":\"https:\/\/www.sadc-cae.ca\/en\/#website\"},\"primaryImageOfPage\":{\"@id\":\"https:\/\/www.sadc-cae.ca\/fr\/3-juin-2025-assemblee-generale-annuelle\/#primaryimage\"},\"image\":{\"@id\":\"https:\/\/www.sadc-cae.ca\/fr\/3-juin-2025-assemblee-generale-annuelle\/#primaryimage\"},\"thumbnailUrl\":\"https:\/\/www.sadc-cae.ca\/wp-content\/uploads\/2025\/05\/Photo-AGA-2025-1-scaled.jpg\",\"datePublished\":\"2025-05-06T18:24:20+00:00\",\"dateModified\":\"2025-05-07T20:33:19+00:00\",\"breadcrumb\":{\"@id\":\"https:\/\/www.sadc-cae.ca\/fr\/3-juin-2025-assemblee-generale-annuelle\/#breadcrumb\"},\"inLanguage\":\"fr-FR\",\"potentialAction\":[{\"@type\":\"ReadAction\",\"target\":[\"https:\/\/www.sadc-cae.ca\/fr\/3-juin-2025-assemblee-generale-annuelle\/\"]}]},{\"@type\":\"ImageObject\",\"inLanguage\":\"fr-FR\",\"@id\":\"https:\/\/www.sadc-cae.ca\/fr\/3-juin-2025-assemblee-generale-annuelle\/#primaryimage\",\"url\":\"https:\/\/www.sadc-cae.ca\/wp-content\/uploads\/2025\/05\/Photo-AGA-2025-1-scaled.jpg\",\"contentUrl\":\"https:\/\/www.sadc-cae.ca\/wp-content\/uploads\/2025\/05\/Photo-AGA-2025-1-scaled.jpg\",\"width\":2560,\"height\":1647},{\"@type\":\"BreadcrumbList\",\"@id\":\"https:\/\/www.sadc-cae.ca\/fr\/3-juin-2025-assemblee-generale-annuelle\/#breadcrumb\",\"itemListElement\":[{\"@type\":\"ListItem\",\"position\":1,\"name\":\"Accueil\",\"item\":\"https:\/\/www.sadc-cae.ca\/fr\/\"},{\"@type\":\"ListItem\",\"position\":2,\"name\":\"3 juin 2025 &#8211; Assembl\u00e9e g\u00e9n\u00e9rale annuelle\"}]},{\"@type\":\"WebSite\",\"@id\":\"https:\/\/www.sadc-cae.ca\/en\/#website\",\"url\":\"https:\/\/www.sadc-cae.ca\/en\/\",\"name\":\"CAE Laprade Trois-Rivi\u00e8res\",\"description\":\"On soutient et finance vos projets locaux\",\"publisher\":{\"@id\":\"https:\/\/www.sadc-cae.ca\/en\/#organization\"},\"potentialAction\":[{\"@type\":\"SearchAction\",\"target\":{\"@type\":\"EntryPoint\",\"urlTemplate\":\"https:\/\/www.sadc-cae.ca\/en\/?s={search_term_string}\"},\"query-input\":{\"@type\":\"PropertyValueSpecification\",\"valueRequired\":true,\"valueName\":\"search_term_string\"}}],\"inLanguage\":\"fr-FR\"},{\"@type\":\"Organization\",\"@id\":\"https:\/\/www.sadc-cae.ca\/en\/#organization\",\"name\":\"CAE Laprade Trois-Rivi\u00e8res Inc.\",\"url\":\"https:\/\/www.sadc-cae.ca\/en\/\",\"logo\":{\"@type\":\"ImageObject\",\"inLanguage\":\"fr-FR\",\"@id\":\"https:\/\/www.sadc-cae.ca\/en\/#\/schema\/logo\/image\/\",\"url\":\"https:\/\/www.sadc-cae.ca\/wp-content\/uploads\/2024\/09\/SADC_Facebook_PhotoProfil.jpg\",\"contentUrl\":\"https:\/\/www.sadc-cae.ca\/wp-content\/uploads\/2024\/09\/SADC_Facebook_PhotoProfil.jpg\",\"width\":640,\"height\":640,\"caption\":\"CAE Laprade Trois-Rivi\u00e8res Inc.\"},\"image\":{\"@id\":\"https:\/\/www.sadc-cae.ca\/en\/#\/schema\/logo\/image\/\"}},{\"@type\":\"Person\",\"@id\":\"https:\/\/www.sadc-cae.ca\/en\/#\/schema\/person\/8fa00d1ba3ceaddf852f7e2c5ed14e4c\",\"name\":\"Isabelle Chouinard\",\"image\":{\"@type\":\"ImageObject\",\"inLanguage\":\"fr-FR\",\"@id\":\"https:\/\/www.sadc-cae.ca\/en\/#\/schema\/person\/image\/\",\"url\":\"https:\/\/secure.gravatar.com\/avatar\/602bbae84f2be14426aa2787e0e44398beaa64c2f210ae8dd7466530109ef31b?s=96&d=mm&r=g\",\"contentUrl\":\"https:\/\/secure.gravatar.com\/avatar\/602bbae84f2be14426aa2787e0e44398beaa64c2f210ae8dd7466530109ef31b?s=96&d=mm&r=g\",\"caption\":\"Isabelle Chouinard\"},\"url\":\"https:\/\/www.sadc-cae.ca\/fr\/author\/sadc_kamouraska\/\"}]}<\/script>\n<!-- \/ Yoast SEO plugin. -->","yoast_head_json":{"title":"R\u00e9seau des SADC et CAE - 3 juin 2025 - Assembl\u00e9e g\u00e9n\u00e9rale annuelle","robots":{"index":"index","follow":"follow","max-snippet":"max-snippet:-1","max-image-preview":"max-image-preview:large","max-video-preview":"max-video-preview:-1"},"canonical":"https:\/\/www.sadc-cae.ca\/fr\/3-juin-2025-assemblee-generale-annuelle\/","og_locale":"fr_FR","og_type":"article","og_title":"R\u00e9seau des SADC et CAE - 3 juin 2025 - Assembl\u00e9e g\u00e9n\u00e9rale annuelle","og_description":"C\u2019est avec plaisir que la SADC du Kamouraska vous invite \u00e0 sa 31e assembl\u00e9e g\u00e9n\u00e9rale annuelle qui se tiendra le\u00a0mardi 3 juin 2025 \u00e0 compter de 15\u00a0h 30\u00a0\u00e0 la Chapelle de la Gr\u00e8ve \u00e0 Saint-Denis-De La Bouteillerie (22, chemin de la Gr\u00e8ve Ouest). Nous profiterons de l&rsquo;\u00e9v\u00e9nement pour souligner le 40e anniversaire de la SADC. [&hellip;]","og_url":"https:\/\/www.sadc-cae.ca\/fr\/3-juin-2025-assemblee-generale-annuelle\/","og_site_name":"R\u00e9seau des SADC et CAE","article_published_time":"2025-05-06T18:24:20+00:00","article_modified_time":"2025-05-07T20:33:19+00:00","og_image":[{"width":2560,"height":1647,"url":"https:\/\/www.sadc-cae.ca\/wp-content\/uploads\/2025\/05\/Photo-AGA-2025-1-scaled.jpg","type":"image\/jpeg"}],"author":"Isabelle Chouinard","twitter_card":"summary_large_image","twitter_misc":{"\u00c9crit par":"Isabelle Chouinard","Dur\u00e9e de lecture estim\u00e9e":"2 minutes"},"schema":{"@context":"https:\/\/schema.org","@graph":[{"@type":["Article","BlogPosting","NewsArticle"],"@id":"https:\/\/www.sadc-cae.ca\/fr\/3-juin-2025-assemblee-generale-annuelle\/#article","isPartOf":{"@id":"https:\/\/www.sadc-cae.ca\/fr\/3-juin-2025-assemblee-generale-annuelle\/"},"author":{"name":"Isabelle Chouinard","@id":"https:\/\/www.sadc-cae.ca\/en\/#\/schema\/person\/8fa00d1ba3ceaddf852f7e2c5ed14e4c"},"headline":"3 juin 2025 &#8211; Assembl\u00e9e g\u00e9n\u00e9rale annuelle","datePublished":"2025-05-06T18:24:20+00:00","dateModified":"2025-05-07T20:33:19+00:00","mainEntityOfPage":{"@id":"https:\/\/www.sadc-cae.ca\/fr\/3-juin-2025-assemblee-generale-annuelle\/"},"wordCount":240,"publisher":{"@id":"https:\/\/www.sadc-cae.ca\/en\/#organization"},"image":{"@id":"https:\/\/www.sadc-cae.ca\/fr\/3-juin-2025-assemblee-generale-annuelle\/#primaryimage"},"thumbnailUrl":"https:\/\/www.sadc-cae.ca\/wp-content\/uploads\/2025\/05\/Photo-AGA-2025-1-scaled.jpg","articleSection":["Non classifi\u00e9(e)"],"inLanguage":"fr-FR"},{"@type":"WebPage","@id":"https:\/\/www.sadc-cae.ca\/fr\/3-juin-2025-assemblee-generale-annuelle\/","url":"https:\/\/www.sadc-cae.ca\/fr\/3-juin-2025-assemblee-generale-annuelle\/","name":"R\u00e9seau des SADC et CAE - 3 juin 2025 - Assembl\u00e9e g\u00e9n\u00e9rale annuelle","isPartOf":{"@id":"https:\/\/www.sadc-cae.ca\/en\/#website"},"primaryImageOfPage":{"@id":"https:\/\/www.sadc-cae.ca\/fr\/3-juin-2025-assemblee-generale-annuelle\/#primaryimage"},"image":{"@id":"https:\/\/www.sadc-cae.ca\/fr\/3-juin-2025-assemblee-generale-annuelle\/#primaryimage"},"thumbnailUrl":"https:\/\/www.sadc-cae.ca\/wp-content\/uploads\/2025\/05\/Photo-AGA-2025-1-scaled.jpg","datePublished":"2025-05-06T18:24:20+00:00","dateModified":"2025-05-07T20:33:19+00:00","breadcrumb":{"@id":"https:\/\/www.sadc-cae.ca\/fr\/3-juin-2025-assemblee-generale-annuelle\/#breadcrumb"},"inLanguage":"fr-FR","potentialAction":[{"@type":"ReadAction","target":["https:\/\/www.sadc-cae.ca\/fr\/3-juin-2025-assemblee-generale-annuelle\/"]}]},{"@type":"ImageObject","inLanguage":"fr-FR","@id":"https:\/\/www.sadc-cae.ca\/fr\/3-juin-2025-assemblee-generale-annuelle\/#primaryimage","url":"https:\/\/www.sadc-cae.ca\/wp-content\/uploads\/2025\/05\/Photo-AGA-2025-1-scaled.jpg","contentUrl":"https:\/\/www.sadc-cae.ca\/wp-content\/uploads\/2025\/05\/Photo-AGA-2025-1-scaled.jpg","width":2560,"height":1647},{"@type":"BreadcrumbList","@id":"https:\/\/www.sadc-cae.ca\/fr\/3-juin-2025-assemblee-generale-annuelle\/#breadcrumb","itemListElement":[{"@type":"ListItem","position":1,"name":"Accueil","item":"https:\/\/www.sadc-cae.ca\/fr\/"},{"@type":"ListItem","position":2,"name":"3 juin 2025 &#8211; Assembl\u00e9e g\u00e9n\u00e9rale annuelle"}]},{"@type":"WebSite","@id":"https:\/\/www.sadc-cae.ca\/en\/#website","url":"https:\/\/www.sadc-cae.ca\/en\/","name":"CAE Laprade Trois-Rivi\u00e8res","description":"On soutient et finance vos projets locaux","publisher":{"@id":"https:\/\/www.sadc-cae.ca\/en\/#organization"},"potentialAction":[{"@type":"SearchAction","target":{"@type":"EntryPoint","urlTemplate":"https:\/\/www.sadc-cae.ca\/en\/?s={search_term_string}"},"query-input":{"@type":"PropertyValueSpecification","valueRequired":true,"valueName":"search_term_string"}}],"inLanguage":"fr-FR"},{"@type":"Organization","@id":"https:\/\/www.sadc-cae.ca\/en\/#organization","name":"CAE Laprade Trois-Rivi\u00e8res Inc.","url":"https:\/\/www.sadc-cae.ca\/en\/","logo":{"@type":"ImageObject","inLanguage":"fr-FR","@id":"https:\/\/www.sadc-cae.ca\/en\/#\/schema\/logo\/image\/","url":"https:\/\/www.sadc-cae.ca\/wp-content\/uploads\/2024\/09\/SADC_Facebook_PhotoProfil.jpg","contentUrl":"https:\/\/www.sadc-cae.ca\/wp-content\/uploads\/2024\/09\/SADC_Facebook_PhotoProfil.jpg","width":640,"height":640,"caption":"CAE Laprade Trois-Rivi\u00e8res Inc."},"image":{"@id":"https:\/\/www.sadc-cae.ca\/en\/#\/schema\/logo\/image\/"}},{"@type":"Person","@id":"https:\/\/www.sadc-cae.ca\/en\/#\/schema\/person\/8fa00d1ba3ceaddf852f7e2c5ed14e4c","name":"Isabelle Chouinard","image":{"@type":"ImageObject","inLanguage":"fr-FR","@id":"https:\/\/www.sadc-cae.ca\/en\/#\/schema\/person\/image\/","url":"https:\/\/secure.gravatar.com\/avatar\/602bbae84f2be14426aa2787e0e44398beaa64c2f210ae8dd7466530109ef31b?s=96&d=mm&r=g","contentUrl":"https:\/\/secure.gravatar.com\/avatar\/602bbae84f2be14426aa2787e0e44398beaa64c2f210ae8dd7466530109ef31b?s=96&d=mm&r=g","caption":"Isabelle Chouinard"},"url":"https:\/\/www.sadc-cae.ca\/fr\/author\/sadc_kamouraska\/"}]}},"_links":{"self":[{"href":"https:\/\/www.sadc-cae.ca\/fr\/wp-json\/wp\/v2\/posts\/9922","targetHints":{"allow":["GET"]}}],"collection":[{"href":"https:\/\/www.sadc-cae.ca\/fr\/wp-json\/wp\/v2\/posts"}],"about":[{"href":"https:\/\/www.sadc-cae.ca\/fr\/wp-json\/wp\/v2\/types\/post"}],"author":[{"embeddable":true,"href":"https:\/\/www.sadc-cae.ca\/fr\/wp-json\/wp\/v2\/users\/16"}],"replies":[{"embeddable":true,"href":"https:\/\/www.sadc-cae.ca\/fr\/wp-json\/wp\/v2\/comments?post=9922"}],"version-history":[{"count":5,"href":"https:\/\/www.sadc-cae.ca\/fr\/wp-json\/wp\/v2\/posts\/9922\/revisions"}],"predecessor-version":[{"id":9940,"href":"https:\/\/www.sadc-cae.ca\/fr\/wp-json\/wp\/v2\/posts\/9922\/revisions\/9940"}],"wp:featuredmedia":[{"embeddable":true,"href":"https:\/\/www.sadc-cae.ca\/fr\/wp-json\/wp\/v2\/media\/9930"}],"wp:attachment":[{"href":"https:\/\/www.sadc-cae.ca\/fr\/wp-json\/wp\/v2\/media?parent=9922"}],"wp:term":[{"taxonomy":"category","embeddable":true,"href":"https:\/\/www.sadc-cae.ca\/fr\/wp-json\/wp\/v2\/categories?post=9922"},{"taxonomy":"post_tag","embeddable":true,"href":"https:\/\/www.sadc-cae.ca\/fr\/wp-json\/wp\/v2\/tags?post=9922"}],"curies":[{"name":"wp","href":"https:\/\/api.w.org\/{rel}","templated":true}]}}